{"id":19058,"date":"2015-09-21T00:00:00","date_gmt":"2015-09-20T22:00:00","guid":{"rendered":"https:\/\/addi.de\/news\/addi-nadelschau\/"},"modified":"2023-05-09T18:57:05","modified_gmt":"2023-05-09T16:57:05","slug":"addi-nadelschau","status":"publish","type":"news","link":"https:\/\/addi.de\/en\/news\/addi-nadelschau\/","title":{"rendered":"addi needle show"},"content":{"rendered":"<div id=\"header-text-block_b62ff70ddb493b1105d2b1d1f8aefe4c\" class=\"header-text\" >\n    <section>\n        <div class=\"container\">\n            <div class=\"row position-relative\">\n                <div class=\"col-12 col-lg-3 offset-lg-1 order-2 order-lg-1\">\n                    <div class=\"text-wrapper\">\n                        <div class=\"color-area-secondary\"><\/div>\n                                                                                                    <h1>addi needle show<\/h1>\n                                                <div class=\"share-links\">\n                            <span>Teilen:<\/span>\n                            <a href=\"https:\/\/www.facebook.com\/sharer.php?u=https%3A%2F%2Faddi.de%2Fen%2Fnews%2Faddi-nadelschau%2F\" class=\"d-inline-block px-2\" onclick=\"window.open(this.href, 'mywin', 'left=20,top=20,width=500,height=500,toolbar=1,resizable=0'); return false;\"><i class=\"fab fa-facebook-f hl-color\"><\/i><\/a>\n                            <a href=\"https:\/\/twitter.com\/intent\/tweet?text=https%3A%2F%2Faddi.de%2Fen%2Fnews%2Faddi-nadelschau%2F\" class=\"d-inline-block px-2\" onclick=\"window.open(this.href, 'mywin', 'left=20,top=20,width=500,height=500,toolbar=1,resizable=0'); return false;\"><i class=\"fa-brands fa-x-twitter hl-color\"><\/i><\/a>\n                        <\/div>\n                        <div class=\"text\">\n                                                    <\/div>\n                    <\/div>\n                <\/div>\n                <div class=\"col-12 col-lg-7 offset-lg-1 mb-3 mb-lg-0 order-1 order-lg-2\">\n                                            <img loading=\"lazy\" decoding=\"async\" width=\"1280\" height=\"970\" src=\"https:\/\/addi.de\/wp-content\/uploads\/2022\/04\/31-theknitter-9-15-1280x970.jpg\" class=\"attachment-1280x970 size-1280x970\" alt=\"\">                                        <div class=\"row toc-wrapper\">\n                        <div class=\"col-12 col-lg-6 offset-lg-5\">\n                            <div class=\"toc-title\">\n                                Inhaltsverzeichnis                            <\/div>\n                            <div class=\"toc-content\">\n\n                            <\/div>\n                        <\/div>\n                    <\/div>\n                <\/div>\n            <\/div>\n        <\/div>\n    <\/section>\n<\/div>\n\n\n\n            \n<div id=\"text-gallery-video-block_b98ff70a4c618129828a236c80743890\" class=\"text-gallery-video alignment-left company\" >\n    <section>\n        <div class=\"container position-relative\">\n            \n\n                                                                                <div class=\"gallery-wrapper  d-lg-block\">\n                                                                                                                        <div class=\"text-wrapper mb-5\">\n                                                                                                    <div class=\"text-background-small color-area-secondary full\"><\/div>\n                                                                                                                                                                                                                                                    <div class=\"row\">\n                                                        <div class=\"col-12 col-lg-8 offset-lg-1\">\n                                                            <div class=\"text\">\n                                                                <p>&#8222;Zum Stricken braucht man au\u00dfer Garn nur Nadeln &#8211; doch da ist inzwischen das Angebot riesig und sehr differenziert&#8230;<br \/>\nSo beginnt der Artikel &#8222;Nadelschau&#8220; im aktuellen Sonderheft der Zeitschrift &#8222;The Knitter&#8220;. Der Artikel gibt einen \u00dcberblick \u00fcber verschiedenste Stricknadeln und Materialien anhand von addi Produkten. Au\u00dferdem im Heft eine kleine Strickschule, viele viele tolle Strickmuster sowie einige sehr sch\u00f6ne Strickanleitungen.<\/p>\n                                                            <\/div>\n                                                        <\/div>\n                                                    <\/div>\n                                                                                                                                                                                                    <div class=\"row link-wrapper\">\n                                                        <div class=\"col-12 col-lg-6 offset-lg-2\">\n                                                            <div class=\"row\">\n                                                                                                                                    <div class=\"col-12 col-lg-6\">\n                                                                        <a href='https:\/\/www.addi.de\/wp-content\/uploads\/2015\/09\/addi_Nadelschau_PDF1.pdf' target='_blank' class='buttonlink prio-1'>Hier der komplette Artikel der Nadelschau als PDF<\/a>                                                                    <\/div>\n                                                                                                                                                                                            <\/div>\n                                                        <\/div>\n                                                    <\/div>\n                                                                                            <\/div>\n                                            <div class=\"row\">\n                                                <div class=\"col-12 col-lg-10 offset-lg-1\">\n                                                                                                    <\/div>\n                                            <\/div>\n                                                                                                                                                        <\/div>\n                               \n                                 \n                            <div class=\"gallery-wrapper d-block d-lg-none\">\n                                                                    <div class=\"text-wrapper mb-5\">\n                                                                                    <div class=\"text-background-small color-area-secondary full\"><\/div>\n                                                                                                                                                                                                            <div class=\"row\">\n                                                <div class=\"col-12 col-lg-8 offset-lg-1\">\n                                                    <div class=\"text\">\n                                                        <p>&#8222;Zum Stricken braucht man au\u00dfer Garn nur Nadeln &#8211; doch da ist inzwischen das Angebot riesig und sehr differenziert&#8230;<br \/>\nSo beginnt der Artikel &#8222;Nadelschau&#8220; im aktuellen Sonderheft der Zeitschrift &#8222;The Knitter&#8220;. Der Artikel gibt einen \u00dcberblick \u00fcber verschiedenste Stricknadeln und Materialien anhand von addi Produkten. Au\u00dferdem im Heft eine kleine Strickschule, viele viele tolle Strickmuster sowie einige sehr sch\u00f6ne Strickanleitungen.<\/p>\n                                                    <\/div>\n                                                <\/div>\n                                            <\/div>\n                                                                                                                                                                    <div class=\"row link-wrapper\">\n                                                <div class=\"col-12 col-lg-6 offset-lg-2\">\n                                                    <div class=\"row\">\n                                                                                                                    <div class=\"col-12 col-lg-6\">\n                                                                <a href='https:\/\/www.addi.de\/wp-content\/uploads\/2015\/09\/addi_Nadelschau_PDF1.pdf' target='_blank' class='buttonlink prio-1'>Hier der komplette Artikel der Nadelschau als PDF<\/a>                                                            <\/div>\n                                                                                                                                                                    <\/div>\n                                                <\/div>\n                                            <\/div>\n                                                                            <\/div>\n                                                                            <div class=\"row mb-4\">\n                                            <div class=\"col-12\">\n                                                                                            <\/div>\n                                        <\/div>\n                                                                                                                                                                                                            <\/div>\n                                                                                    <\/div>\n    <\/section>\n<\/div>\n\n            \n        <div class=\"modal fade modal-move-to-body gallery-modal company\" id=\"modal-text-gallery-video-block_b98ff70a4c618129828a236c80743890\" tabindex=\"-1\"\n             aria-labelledby=\"modal-text-gallery-video-block_b98ff70a4c618129828a236c80743890\" aria-hidden=\"true\">\n            <div class=\"modal-dialog modal-xl modal-dialog-centered\">\n                <div class=\"modal-content\">\n                    <button type=\"button\" class=\"close\" data-dismiss=\"modal\" aria-label=\"Close\">\n                        <i class=\"fas fa-times\"><\/i>\n                    <\/button>\n                    <div class=\"modal-body\">\n                        <div class=\"container-fluid\">\n                                                            <div class=\"row\">\n                                    <div class=\"col-12\">\n                                        <div class=\"row carousel-item-image-wrapper\">\n                                            <div class=\"col-12\">\n                                                <div class=\"carousel-item-image\">\n                                                    <div class=\"color-area-secondary\"><\/div>\n                                                                                                    <\/div>\n                                            <\/div>\n                                        <\/div>\n                                                                            <\/div>\n                                <\/div>\n                                                    <\/div>\n                    <\/div>\n                <\/div>\n            <\/div>\n        <\/div>","protected":false},"template":"","kategorie_news":[40],"class_list":["post-19058","news","type-news","status-publish","hentry","kategorie_news-aktuelles"],"acf":[],"_links":{"self":[{"href":"https:\/\/addi.de\/en\/wp-json\/wp\/v2\/news\/19058","targetHints":{"allow":["GET"]}}],"collection":[{"href":"https:\/\/addi.de\/en\/wp-json\/wp\/v2\/news"}],"about":[{"href":"https:\/\/addi.de\/en\/wp-json\/wp\/v2\/types\/news"}],"wp:attachment":[{"href":"https:\/\/addi.de\/en\/wp-json\/wp\/v2\/media?parent=19058"}],"wp:term":[{"taxonomy":"kategorie_news","embeddable":true,"href":"https:\/\/addi.de\/en\/wp-json\/wp\/v2\/kategorie_news?post=19058"}],"curies":[{"name":"wp","href":"https:\/\/api.w.org\/{rel}","templated":true}]}}