{"id":19159,"date":"2019-04-03T00:00:00","date_gmt":"2019-04-02T22:00:00","guid":{"rendered":"https:\/\/addi.de\/news\/addi-neuheiten-2019\/"},"modified":"2023-02-18T18:13:23","modified_gmt":"2023-02-18T17:13:23","slug":"addi-novelties-2019","status":"publish","type":"news","link":"https:\/\/addi.de\/en\/news\/addi-novelties-2019\/","title":{"rendered":"New addi products 2019"},"content":{"rendered":"<div id=\"header-text-block_f257f7fa40344d9ff2dcd075c2ff5efc\" class=\"header-text\" >\n    <section>\n        <div class=\"container\">\n            <div class=\"row position-relative\">\n                <div class=\"col-12 col-lg-3 offset-lg-1 order-2 order-lg-1\">\n                    <div class=\"text-wrapper\">\n                        <div class=\"color-area-secondary\"><\/div>\n                                                                                                    <h1>New addi products 2019<\/h1>\n                                                <div class=\"share-links\">\n                            <span>Teilen:<\/span>\n                            <a href=\"https:\/\/www.facebook.com\/sharer.php?u=https%3A%2F%2Faddi.de%2Fen%2Fnews%2Faddi-novelties-2019%2F\" class=\"d-inline-block px-2\" onclick=\"window.open(this.href, 'mywin', 'left=20,top=20,width=500,height=500,toolbar=1,resizable=0'); return false;\"><i class=\"fab fa-facebook-f hl-color\"><\/i><\/a>\n                            <a href=\"https:\/\/twitter.com\/intent\/tweet?text=https%3A%2F%2Faddi.de%2Fen%2Fnews%2Faddi-novelties-2019%2F\" class=\"d-inline-block px-2\" onclick=\"window.open(this.href, 'mywin', 'left=20,top=20,width=500,height=500,toolbar=1,resizable=0'); return false;\"><i class=\"fa-brands fa-x-twitter hl-color\"><\/i><\/a>\n                        <\/div>\n                        <div class=\"text\">\n                                                    <\/div>\n                    <\/div>\n                <\/div>\n                <div class=\"col-12 col-lg-7 offset-lg-1 mb-3 mb-lg-0 order-1 order-lg-2\">\n                                            <img loading=\"lazy\" decoding=\"async\" width=\"486\" height=\"316\" src=\"https:\/\/addi.de\/wp-content\/uploads\/2022\/05\/News_Aktuelles_Beitragsbild_Neuheiten_2019.png\" class=\"attachment-1280x970 size-1280x970\" alt=\"\" \/>                                        <div class=\"row toc-wrapper\">\n                        <div class=\"col-12 col-lg-6 offset-lg-5\">\n                            <div class=\"toc-title\">\n                                Inhaltsverzeichnis                            <\/div>\n                            <div class=\"toc-content\">\n\n                            <\/div>\n                        <\/div>\n                    <\/div>\n                <\/div>\n            <\/div>\n        <\/div>\n    <\/section>\n<\/div>\n\n\n\n            \n<div id=\"text-gallery-video-block_06f68c0c3f6e2ffcc61c28f8c47690ba\" class=\"text-gallery-video alignment-left company\" >\n    <section>\n        <div class=\"container position-relative\">\n            \n\n                                                                                <div class=\"gallery-wrapper  d-lg-block\">\n                                                                                                                        <div class=\"text-wrapper mb-5\">\n                                                                                                    <div class=\"text-background-small color-area-secondary full\"><\/div>\n                                                                                                                                                                                                                                                    <div class=\"row\">\n                                                        <div class=\"col-12 col-lg-8 offset-lg-1\">\n                                                            <div class=\"text\">\n                                                                <p>The h+h fair in Cologne was once again very successful for the addi team and we arrived back in Altena exhausted but happy.<\/p>\n<p>Many thanks to all addi fans for so many visits at our booth and the countless congratulations on our giant greeting card for the 190th company anniversary. We hope that our customers will remain loyal to us and that addi\u2019s success story will continue for many years. <\/p>\n<p><img loading=\"lazy\" decoding=\"async\" class=\"wp-image-8948 size-thumbnail aligncenter\" src=\"https:\/\/www.addi.de\/wp-content\/uploads\/2019\/04\/1_Messestand_2019_Wand_Neuheiten-644x401.jpg\" alt=\"\" width=\"644\" height=\"401\" \/><\/p>\n<p>Unsere Neuheiten haben gro\u00dfen Anklang gefunden und wir starten jetzt durch mit der Messeerledigung. Ganz besonders viele positive R\u00fcckmeldungen haben wir zu unserer brand neuen Feinstricknadel &#8222;addiNovel&#8220; mit dem ergonomischen Design bekommen und zu den addiCraSyTrio LONG mit l\u00e4ngeren Spitzen und in vielen neuen St\u00e4rken. Voraussichtlich ab Juli k\u00f6nnen wir sie an den Handel liefern.<\/p>\n<p>All novelties are available at a glance in the menu <a href=\"https:\/\/shop.addi.de\/de\/neuheiten-2019\" target=\"_blank\" rel=\"noopener\">&#8222;Produkte\/Neuheiten2019&#8220;<\/a> and in the new catalogue, which is now also available as a <a href=\"https:\/\/addi.de\/en\/katalog\/\">PDF download<\/a> .<\/p>\n\n                                                            <\/div>\n                                                        <\/div>\n                                                    <\/div>\n                                                                                                                                                                                            <\/div>\n                                            <div class=\"row\">\n                                                <div class=\"col-12 col-lg-10 offset-lg-1\">\n                                                                                                    <\/div>\n                                            <\/div>\n                                                                                                                                                        <\/div>\n                               \n                                 \n                            <div class=\"gallery-wrapper d-block d-lg-none\">\n                                                                    <div class=\"text-wrapper mb-5\">\n                                                                                    <div class=\"text-background-small color-area-secondary full\"><\/div>\n                                                                                                                                                                                                            <div class=\"row\">\n                                                <div class=\"col-12 col-lg-8 offset-lg-1\">\n                                                    <div class=\"text\">\n                                                        <p>The h+h fair in Cologne was once again very successful for the addi team and we arrived back in Altena exhausted but happy.<\/p>\n<p>Many thanks to all addi fans for so many visits at our booth and the countless congratulations on our giant greeting card for the 190th company anniversary. We hope that our customers will remain loyal to us and that addi\u2019s success story will continue for many years. <\/p>\n<p><img loading=\"lazy\" decoding=\"async\" class=\"wp-image-8948 size-thumbnail aligncenter\" src=\"https:\/\/www.addi.de\/wp-content\/uploads\/2019\/04\/1_Messestand_2019_Wand_Neuheiten-644x401.jpg\" alt=\"\" width=\"644\" height=\"401\" \/><\/p>\n<p>Unsere Neuheiten haben gro\u00dfen Anklang gefunden und wir starten jetzt durch mit der Messeerledigung. Ganz besonders viele positive R\u00fcckmeldungen haben wir zu unserer brand neuen Feinstricknadel &#8222;addiNovel&#8220; mit dem ergonomischen Design bekommen und zu den addiCraSyTrio LONG mit l\u00e4ngeren Spitzen und in vielen neuen St\u00e4rken. Voraussichtlich ab Juli k\u00f6nnen wir sie an den Handel liefern.<\/p>\n<p>All novelties are available at a glance in the menu <a href=\"https:\/\/shop.addi.de\/de\/neuheiten-2019\" target=\"_blank\" rel=\"noopener\">&#8222;Produkte\/Neuheiten2019&#8220;<\/a> and in the new catalogue, which is now also available as a <a href=\"https:\/\/addi.de\/en\/katalog\/\">PDF download<\/a> .<\/p>\n\n                                                    <\/div>\n                                                <\/div>\n                                            <\/div>\n                                                                                                                                                            <\/div>\n                                                                            <div class=\"row mb-4\">\n                                            <div class=\"col-12\">\n                                                                                            <\/div>\n                                        <\/div>\n                                                                                                                                                                                                            <\/div>\n                                                                                    <\/div>\n    <\/section>\n<\/div>\n\n            \n        <div class=\"modal fade modal-move-to-body gallery-modal company\" id=\"modal-text-gallery-video-block_06f68c0c3f6e2ffcc61c28f8c47690ba\" tabindex=\"-1\"\n             aria-labelledby=\"modal-text-gallery-video-block_06f68c0c3f6e2ffcc61c28f8c47690ba\" aria-hidden=\"true\">\n            <div class=\"modal-dialog modal-xl modal-dialog-centered\">\n                <div class=\"modal-content\">\n                    <button type=\"button\" class=\"close\" data-dismiss=\"modal\" aria-label=\"Close\">\n                        <i class=\"fas fa-times\"><\/i>\n                    <\/button>\n                    <div class=\"modal-body\">\n                        <div class=\"container-fluid\">\n                                                            <div class=\"row\">\n                                    <div class=\"col-12\">\n                                        <div class=\"row carousel-item-image-wrapper\">\n                                            <div class=\"col-12\">\n                                                <div class=\"carousel-item-image\">\n                                                    <div class=\"color-area-secondary\"><\/div>\n                                                                                                    <\/div>\n                                            <\/div>\n                                        <\/div>\n                                                                            <\/div>\n                                <\/div>\n                                                    <\/div>\n                    <\/div>\n                <\/div>\n            <\/div>\n        <\/div>","protected":false},"template":"","kategorie_news":[40],"class_list":["post-19159","news","type-news","status-publish","hentry","kategorie_news-aktuelles"],"acf":[],"_links":{"self":[{"href":"https:\/\/addi.de\/en\/wp-json\/wp\/v2\/news\/19159","targetHints":{"allow":["GET"]}}],"collection":[{"href":"https:\/\/addi.de\/en\/wp-json\/wp\/v2\/news"}],"about":[{"href":"https:\/\/addi.de\/en\/wp-json\/wp\/v2\/types\/news"}],"wp:attachment":[{"href":"https:\/\/addi.de\/en\/wp-json\/wp\/v2\/media?parent=19159"}],"wp:term":[{"taxonomy":"kategorie_news","embeddable":true,"href":"https:\/\/addi.de\/en\/wp-json\/wp\/v2\/kategorie_news?post=19159"}],"curies":[{"name":"wp","href":"https:\/\/api.w.org\/{rel}","templated":true}]}}