{"id":19220,"date":"2022-02-02T00:00:00","date_gmt":"2022-02-01T23:00:00","guid":{"rendered":"https:\/\/addi.de\/news\/jubilaeum-thomas-selter\/"},"modified":"2023-02-18T17:50:12","modified_gmt":"2023-02-18T16:50:12","slug":"jubilee-thomas-selter","status":"publish","type":"news","link":"https:\/\/addi.de\/en\/news\/jubilee-thomas-selter\/","title":{"rendered":"Anniversary Thomas Selter"},"content":{"rendered":"<div id=\"header-text-block_a9e4f30fd4c9cfe34994c8a738adeaf0\" class=\"header-text\" >\n    <section>\n        <div class=\"container\">\n            <div class=\"row position-relative\">\n                <div class=\"col-12 col-lg-3 offset-lg-1 order-2 order-lg-1\">\n                    <div class=\"text-wrapper\">\n                        <div class=\"color-area-secondary\"><\/div>\n                                                    <div class=\"topline hl-color\">\n                                History - a review                            <\/div>\n                                                                                                    <h1>Anniversary Thomas Selter<br \/>\r\n<\/h1>\n                                                <div class=\"share-links\">\n                            <span>Teilen:<\/span>\n                            <a href=\"https:\/\/www.facebook.com\/sharer.php?u=https%3A%2F%2Faddi.de%2Fen%2Fnews%2Fjubilee-thomas-selter%2F\" class=\"d-inline-block px-2\" onclick=\"window.open(this.href, 'mywin', 'left=20,top=20,width=500,height=500,toolbar=1,resizable=0'); return false;\"><i class=\"fab fa-facebook-f hl-color\"><\/i><\/a>\n                            <a href=\"https:\/\/twitter.com\/intent\/tweet?text=https%3A%2F%2Faddi.de%2Fen%2Fnews%2Fjubilee-thomas-selter%2F\" class=\"d-inline-block px-2\" onclick=\"window.open(this.href, 'mywin', 'left=20,top=20,width=500,height=500,toolbar=1,resizable=0'); return false;\"><i class=\"fa-brands fa-x-twitter hl-color\"><\/i><\/a>\n                        <\/div>\n                        <div class=\"text\">\n                            <p>Where has the time gone? \u2013 that\u2019s what Mr. addi, Thomas Selter, thinks. Because on 01.12.2021, he celebrated his 50th anniversary of service at addi. He looks back on a long career of success, which he celebrated well-deservedly in a small circle with his employees!<\/p>\n                        <\/div>\n                    <\/div>\n                <\/div>\n                <div class=\"col-12 col-lg-7 offset-lg-1 mb-3 mb-lg-0 order-1 order-lg-2\">\n                                            <img loading=\"lazy\" decoding=\"async\" width=\"1280\" height=\"970\" src=\"https:\/\/addi.de\/wp-content\/uploads\/2022\/02\/TS-vor-Firmengeba\u0308ude-1280x970.jpg\" class=\"attachment-1280x970 size-1280x970\" alt=\"\" \/>                                        <div class=\"row toc-wrapper\">\n                        <div class=\"col-12 col-lg-6 offset-lg-5\">\n                            <div class=\"toc-title\">\n                                Inhaltsverzeichnis                            <\/div>\n                            <div class=\"toc-content\">\n\n                            <\/div>\n                        <\/div>\n                    <\/div>\n                <\/div>\n            <\/div>\n        <\/div>\n    <\/section>\n<\/div>\n\n\n\n            \n<div id=\"text-gallery-video-block_e816cad25d28b959c1b85898b53dc742\" class=\"text-gallery-video alignment-left company\" >\n    <section>\n        <div class=\"container position-relative\">\n            \n\n                                                                                <div class=\"gallery-wrapper  d-lg-block\">\n                                                                                                                        <div class=\"row align-items-end\">\n                                                <div class=\"col-12 col-lg-6 offset-lg-1\">\n                                                    <div class=\"text-wrapper mb-3\">\n                                                                                                                    <div class=\"text-background-small color-area-secondary\"><\/div>\n                                                                                                                                                                                                                                                                                            <div class=\"row\">\n                                                                <div class=\"col-12\">\n                                                                    <div class=\"text\">\n                                                                        <p><strong>However, this does not mean that he will now say goodbye to the company....<\/strong> neben seinem neuen Job im eigenen Garten, ist er noch t\u00e4glich im Unternehmen zu finden und wer wei\u00df, vielleicht liest man im Newsletter &#8222;addiGefl\u00fcster&#8220; 2031 von einem 60-j\u00e4hrigen Jubil\u00e4um.<\/p>\n<p>Zu diesem tollen Anlass hat &#8222;The Knitter&#8220; in der Ausgabe 55\/2021 ein tolles Portrait erstellt, den wir ver\u00f6ffentlichen d\u00fcrfen.<\/p>\n                                                                    <\/div>\n                                                                <\/div>\n                                                            <\/div>\n                                                                                                                                                                                                                                    <div class=\"row link-wrapper\">\n                                                                <div class=\"col-12 col-lg-10 offset-lg-2\">\n                                                                    <div class=\"row\">\n                                                                                                                                                    <div class=\"col-12 col-lg-6\">\n                                                                                <a href='https:\/\/addi.de\/en\/presse_inhalt_theknitter55_2021\/' target='_self' class='buttonlink prio-1'>&#8222;The Knitter&#8220; Artikel lesen<\/a>                                                                            <\/div>\n                                                                                                                                                                                                                            <div class=\"col-12 col-lg-6\">\n                                                                                <a href='https:\/\/addi.de\/en\/news\/jubilee-thomas-selter\/' target='_self' class='textlink hl-color'>ISSUE 55\/2021<\/a>                                                                            <\/div>\n                                                                                                                                            <\/div>\n                                                                <\/div>\n                                                            <\/div>\n                                                                                                            <\/div>\n                                                    <div class=\"row\">\n                                                        <div class=\"col-12 col-lg-8 offset-lg-4\">\n                                                                                                                            <div data-toggle=\"modal\" data-target=\"#modal-text-gallery-video-block_e816cad25d28b959c1b85898b53dc742\">\n                                                                    <img loading=\"lazy\" decoding=\"async\" width=\"520\" height=\"300\" src=\"https:\/\/addi.de\/wp-content\/uploads\/2022\/02\/Thomas-Selter-Jubila\u0308um-2021261811801_4901621419882494_8892196953131038164_n-520x300.jpg\" class=\"attachment-520x300 size-520x300\" alt=\"\" \/>                                                                <\/div>\n                                                                                                                    <\/div>\n                                                    <\/div>\n                                                                                                            <div class=\"row gallery-headline-wrapper centered\">\n                                                            <div class=\"col-12\">\n                                                                                                                                    <div class=\"scriptheadline hl-color\">\n                                                                        50th Service Anniversary                                                                     <\/div>\n                                                                                                                                                                                            <\/div>\n                                                        <\/div>\n                                                                                                    <\/div>\n                                                <div class=\"col-12 col-lg-4\">\n                                                    <div class=\"row mb-3\">\n                                                        <div class=\"col-12 col-lg-9\">\n                                                                                                                            <div data-toggle=\"modal\" data-target=\"#modal-text-gallery-video-block_e816cad25d28b959c1b85898b53dc742\">\n                                                                    <img loading=\"lazy\" decoding=\"async\" width=\"400\" height=\"320\" src=\"https:\/\/addi.de\/wp-content\/uploads\/2022\/02\/Thomas-Selter-Jubila\u0308um-2021262429050_4901622103215759_6267317078662537745_n-400x320.jpg\" class=\"attachment-400x320 size-400x320\" alt=\"\" \/>                                                                <\/div>\n                                                                                                                    <\/div>\n                                                    <\/div>\n                                                                                                            <div data-toggle=\"modal\" data-target=\"#modal-text-gallery-video-block_e816cad25d28b959c1b85898b53dc742\">\n                                                            <img loading=\"lazy\" decoding=\"async\" width=\"400\" height=\"320\" src=\"https:\/\/addi.de\/wp-content\/uploads\/2022\/02\/Thomas-Selter-Jubila\u0308um-2021262671437_4901621093215860_8051488078469154446_n-400x320.jpg\" class=\"attachment-400x320 size-400x320\" alt=\"\" \/>                                                        <\/div>\n                                                                                                                                                        <\/div>\n                                            <\/div>\n                                                                                                            <\/div>\n                               \n                                 \n                            <div class=\"gallery-wrapper d-block d-lg-none\">\n                                                                    <div class=\"text-wrapper mb-5\">\n                                                                                    <div class=\"text-background-small color-area-secondary full\"><\/div>\n                                                                                                                                                                                                            <div class=\"row\">\n                                                <div class=\"col-12 col-lg-8 offset-lg-1\">\n                                                    <div class=\"text\">\n                                                        <p><strong>However, this does not mean that he will now say goodbye to the company....<\/strong> neben seinem neuen Job im eigenen Garten, ist er noch t\u00e4glich im Unternehmen zu finden und wer wei\u00df, vielleicht liest man im Newsletter &#8222;addiGefl\u00fcster&#8220; 2031 von einem 60-j\u00e4hrigen Jubil\u00e4um.<\/p>\n<p>Zu diesem tollen Anlass hat &#8222;The Knitter&#8220; in der Ausgabe 55\/2021 ein tolles Portrait erstellt, den wir ver\u00f6ffentlichen d\u00fcrfen.<\/p>\n                                                    <\/div>\n                                                <\/div>\n                                            <\/div>\n                                                                                                                                                                    <div class=\"row link-wrapper\">\n                                                <div class=\"col-12 col-lg-6 offset-lg-2\">\n                                                    <div class=\"row\">\n                                                                                                                    <div class=\"col-12 col-lg-6\">\n                                                                <a href='https:\/\/addi.de\/en\/presse_inhalt_theknitter55_2021\/' target='_self' class='buttonlink prio-1'>&#8222;The Knitter&#8220; Artikel lesen<\/a>                                                            <\/div>\n                                                                                                                                                                            <div class=\"col-12 col-lg-6\">\n                                                                <a href='https:\/\/addi.de\/en\/news\/jubilee-thomas-selter\/' target='_self' class='textlink hl-color'>ISSUE 55\/2021<\/a>                                                            <\/div>\n                                                                                                            <\/div>\n                                                <\/div>\n                                            <\/div>\n                                                                            <\/div>\n                                                                            <div class=\"row mb-4\">\n                                            <div class=\"col-12\">\n                                                                                                    <div id=\"galleryCarousel-block_e816cad25d28b959c1b85898b53dc742\" class=\"carousel slide\" data-ride=\"carousel\" data-interval=\"2500\" data-pause=\"false\" data-keyboard=\"false\">\n                                                        <div class=\"carousel-inner\" data-countslides=\"3\">\n                                                                                                                            <div class=\"carousel-item active\">\n                                                                                                                                            <div data-toggle=\"modal\" data-target=\"#modal-text-gallery-video-block_e816cad25d28b959c1b85898b53dc742\">\n                                                                            <picture>\n                                                                                <source media=\"(min-width: 400px)\" srcset=\"https:\/\/addi.de\/wp-content\/uploads\/2022\/02\/Thomas-Selter-Jubila\u0308um-2021262429050_4901622103215759_6267317078662537745_n-1080x970.jpg\">\n                                                                                <img decoding=\"async\" src=\"https:\/\/addi.de\/wp-content\/uploads\/2022\/02\/Thomas-Selter-Jubila\u0308um-2021262429050_4901622103215759_6267317078662537745_n-400x320.jpg\" alt=\"\">\n                                                                            <\/picture>\n                                                                        <\/div>\n                                                                                                                                    <\/div>\n                                                                                                                            <div class=\"carousel-item\">\n                                                                                                                                            <div data-toggle=\"modal\" data-target=\"#modal-text-gallery-video-block_e816cad25d28b959c1b85898b53dc742\">\n                                                                            <picture>\n                                                                                <source media=\"(min-width: 400px)\" srcset=\"https:\/\/addi.de\/wp-content\/uploads\/2022\/02\/Thomas-Selter-Jubila\u0308um-2021262671437_4901621093215860_8051488078469154446_n-1080x970.jpg\">\n                                                                                <img decoding=\"async\" src=\"https:\/\/addi.de\/wp-content\/uploads\/2022\/02\/Thomas-Selter-Jubila\u0308um-2021262671437_4901621093215860_8051488078469154446_n-400x320.jpg\" alt=\"\">\n                                                                            <\/picture>\n                                                                        <\/div>\n                                                                                                                                    <\/div>\n                                                                                                                            <div class=\"carousel-item\">\n                                                                                                                                            <div data-toggle=\"modal\" data-target=\"#modal-text-gallery-video-block_e816cad25d28b959c1b85898b53dc742\">\n                                                                            <picture>\n                                                                                <source media=\"(min-width: 400px)\" srcset=\"https:\/\/addi.de\/wp-content\/uploads\/2022\/02\/Thomas-Selter-Jubila\u0308um-2021261811801_4901621419882494_8892196953131038164_n-1080x970.jpg\">\n                                                                                <img decoding=\"async\" src=\"https:\/\/addi.de\/wp-content\/uploads\/2022\/02\/Thomas-Selter-Jubila\u0308um-2021261811801_4901621419882494_8892196953131038164_n-400x320.jpg\" alt=\"\">\n                                                                            <\/picture>\n                                                                        <\/div>\n                                                                                                                                    <\/div>\n                                                                                                                    <\/div>\n                                                    <\/div>\n                                                                                            <\/div>\n                                        <\/div>\n                                                                                                                                                                                        <div class=\"row gallery-headline-wrapper centered\">\n                                            <div class=\"col-12\">\n                                                                                                    <div class=\"scriptheadline hl-color\">\n                                                        50th Service Anniversary                                                     <\/div>\n                                                                                                                                            <\/div>\n                                        <\/div>\n                                                                                                <\/div>\n                                                                                    <\/div>\n    <\/section>\n<\/div>\n\n            \n        <div class=\"modal fade modal-move-to-body gallery-modal company\" id=\"modal-text-gallery-video-block_e816cad25d28b959c1b85898b53dc742\" tabindex=\"-1\"\n             aria-labelledby=\"modal-text-gallery-video-block_e816cad25d28b959c1b85898b53dc742\" aria-hidden=\"true\">\n            <div class=\"modal-dialog modal-xl modal-dialog-centered\">\n                <div class=\"modal-content\">\n                    <button type=\"button\" class=\"close\" data-dismiss=\"modal\" aria-label=\"Close\">\n                        <i class=\"fas fa-times\"><\/i>\n                    <\/button>\n                    <div class=\"modal-body\">\n                        <div class=\"container-fluid\">\n                                                            <div id=\"modal-carousel-text-gallery-video-block_e816cad25d28b959c1b85898b53dc742\" class=\"carousel slide keepsize\">\n                                    <div class=\"carousel-inner\" data-countslides=\"3\">\n                                                                                    <div class=\"carousel-item active\">\n                                                <div class=\"row carousel-item-image-wrapper\">\n                                                    <div class=\"col-12\">\n                                                        <div class=\"carousel-item-image\">\n                                                            <div class=\"color-area-secondary\"><\/div>\n                                                            <img loading=\"lazy\" decoding=\"async\" width=\"1080\" height=\"1069\" src=\"https:\/\/addi.de\/wp-content\/uploads\/2022\/02\/Thomas-Selter-Jubila\u0308um-2021262429050_4901622103215759_6267317078662537745_n.jpg\" class=\"attachment-full size-full\" alt=\"\" srcset=\"https:\/\/addi.de\/wp-content\/uploads\/2022\/02\/Thomas-Selter-Jubila\u0308um-2021262429050_4901622103215759_6267317078662537745_n.jpg 1080w, https:\/\/addi.de\/wp-content\/uploads\/2022\/02\/Thomas-Selter-Jubila\u0308um-2021262429050_4901622103215759_6267317078662537745_n-303x300.jpg 303w, https:\/\/addi.de\/wp-content\/uploads\/2022\/02\/Thomas-Selter-Jubila\u0308um-2021262429050_4901622103215759_6267317078662537745_n-768x760.jpg 768w, https:\/\/addi.de\/wp-content\/uploads\/2022\/02\/Thomas-Selter-Jubila\u0308um-2021262429050_4901622103215759_6267317078662537745_n-600x594.jpg 600w, https:\/\/addi.de\/wp-content\/uploads\/2022\/02\/Thomas-Selter-Jubila\u0308um-2021262429050_4901622103215759_6267317078662537745_n-100x100.jpg 100w\" sizes=\"auto, (max-width: 1080px) 100vw, 1080px\" \/>                                                        <\/div>\n                                                    <\/div>\n                                                <\/div>\n                                                                                                    <div class=\"row carousel-item-caption-wrapper\">\n                                                        <div class=\"col-12 col-lg-10 offset-lg-1\">\n                                                            <div class=\"carousel-item-caption\">\n                                                                <p>Thomas Selter - fresh from university, he succeeds his father in the 1970s<\/p>\n                                                            <\/div>\n                                                        <\/div>\n                                                    <\/div>\n                                                                                            <\/div>\n                                                                                    <div class=\"carousel-item\">\n                                                <div class=\"row carousel-item-image-wrapper\">\n                                                    <div class=\"col-12\">\n                                                        <div class=\"carousel-item-image\">\n                                                            <div class=\"color-area-secondary\"><\/div>\n                                                            <img loading=\"lazy\" decoding=\"async\" width=\"1080\" height=\"1069\" src=\"https:\/\/addi.de\/wp-content\/uploads\/2022\/02\/Thomas-Selter-Jubila\u0308um-2021262671437_4901621093215860_8051488078469154446_n.jpg\" class=\"attachment-full size-full\" alt=\"\" srcset=\"https:\/\/addi.de\/wp-content\/uploads\/2022\/02\/Thomas-Selter-Jubila\u0308um-2021262671437_4901621093215860_8051488078469154446_n.jpg 1080w, https:\/\/addi.de\/wp-content\/uploads\/2022\/02\/Thomas-Selter-Jubila\u0308um-2021262671437_4901621093215860_8051488078469154446_n-303x300.jpg 303w, https:\/\/addi.de\/wp-content\/uploads\/2022\/02\/Thomas-Selter-Jubila\u0308um-2021262671437_4901621093215860_8051488078469154446_n-768x760.jpg 768w, https:\/\/addi.de\/wp-content\/uploads\/2022\/02\/Thomas-Selter-Jubila\u0308um-2021262671437_4901621093215860_8051488078469154446_n-600x594.jpg 600w, https:\/\/addi.de\/wp-content\/uploads\/2022\/02\/Thomas-Selter-Jubila\u0308um-2021262671437_4901621093215860_8051488078469154446_n-100x100.jpg 100w\" sizes=\"auto, (max-width: 1080px) 100vw, 1080px\" \/>                                                        <\/div>\n                                                    <\/div>\n                                                <\/div>\n                                                                                            <\/div>\n                                                                                    <div class=\"carousel-item\">\n                                                <div class=\"row carousel-item-image-wrapper\">\n                                                    <div class=\"col-12\">\n                                                        <div class=\"carousel-item-image\">\n                                                            <div class=\"color-area-secondary\"><\/div>\n                                                            <img loading=\"lazy\" decoding=\"async\" width=\"1080\" height=\"1069\" src=\"https:\/\/addi.de\/wp-content\/uploads\/2022\/02\/Thomas-Selter-Jubila\u0308um-2021261811801_4901621419882494_8892196953131038164_n.jpg\" class=\"attachment-full size-full\" alt=\"\" srcset=\"https:\/\/addi.de\/wp-content\/uploads\/2022\/02\/Thomas-Selter-Jubila\u0308um-2021261811801_4901621419882494_8892196953131038164_n.jpg 1080w, https:\/\/addi.de\/wp-content\/uploads\/2022\/02\/Thomas-Selter-Jubila\u0308um-2021261811801_4901621419882494_8892196953131038164_n-303x300.jpg 303w, https:\/\/addi.de\/wp-content\/uploads\/2022\/02\/Thomas-Selter-Jubila\u0308um-2021261811801_4901621419882494_8892196953131038164_n-768x760.jpg 768w, https:\/\/addi.de\/wp-content\/uploads\/2022\/02\/Thomas-Selter-Jubila\u0308um-2021261811801_4901621419882494_8892196953131038164_n-600x594.jpg 600w, https:\/\/addi.de\/wp-content\/uploads\/2022\/02\/Thomas-Selter-Jubila\u0308um-2021261811801_4901621419882494_8892196953131038164_n-100x100.jpg 100w\" sizes=\"auto, (max-width: 1080px) 100vw, 1080px\" \/>                                                        <\/div>\n                                                    <\/div>\n                                                <\/div>\n                                                                                            <\/div>\n                                                                            <\/div>\n                                    <a class=\"carousel-control-prev\" href=\"#modal-carousel-text-gallery-video-block_e816cad25d28b959c1b85898b53dc742\" role=\"button\" data-slide=\"prev\">\n                                        <i class=\"fas fa-angle-left\"><\/i>\n                                    <\/a>\n                                    <a class=\"carousel-control-next\" href=\"#modal-carousel-text-gallery-video-block_e816cad25d28b959c1b85898b53dc742\" role=\"button\" data-slide=\"next\">\n                                        <i class=\"fas fa-angle-right\"><\/i>\n                                    <\/a>\n                                    <div class=\"carousel-indicators-wrapper\">\n                                        <ol class=\"carousel-indicators\">\n                                                                                            <li data-target=\"#modal-carousel-text-gallery-video-block_e816cad25d28b959c1b85898b53dc742\" data-slide-to=\"0\"\n                                                    class=\"active\"><\/li>\n                                                                                            <li data-target=\"#modal-carousel-text-gallery-video-block_e816cad25d28b959c1b85898b53dc742\" data-slide-to=\"1\"\n                                                    class=\"\"><\/li>\n                                                                                            <li data-target=\"#modal-carousel-text-gallery-video-block_e816cad25d28b959c1b85898b53dc742\" data-slide-to=\"2\"\n                                                    class=\"\"><\/li>\n                                                                                    <\/ol>\n                                    <\/div>\n                                <\/div>\n                                                    <\/div>\n                    <\/div>\n                <\/div>\n            <\/div>\n        <\/div>\n    \n\n\n            \n<div id=\"text-gallery-video-block_33e07151d8f66a89e85a4a034d043537\" class=\"text-gallery-video alignment-left company\" >\n    <section>\n        <div class=\"container position-relative\">\n            \n\n                                                                                <div class=\"gallery-wrapper  d-lg-block\">\n                                                                                                                        <div class=\"row align-items-end\">\n                                                <div class=\"col-12 col-lg-6 offset-lg-1\">\n                                                    <div class=\"text-wrapper mb-3\">\n                                                                                                                                                                                                                                    <div class=\"row\">\n                                                                <div class=\"col-12\">\n                                                                    \n                                                                    <div class=\"heading-tag\">\n                                                                        <h2> The story of Thomas Selter <\/h2>\n                                                                    <\/div>\n                                                                <\/div>\n                                                            <\/div>\n                                                                                                                                                                            <div class=\"row\">\n                                                                <div class=\"col-12\">\n                                                                    <div class=\"text\">\n                                                                        <div data-block=\"true\" data-editor=\"eb13a\" data-offset-key=\"ntfa-0-0\">\n<div class=\"public-DraftStyleDefault-block public-DraftStyleDefault-ltr\" data-offset-key=\"ntfa-0-0\"><span data-offset-key=\"ntfa-0-0\"><strong>The story began 50 years ago. On 1 December 1971, a young, long-haired man of 23 stormed up the narrow stairs of the old Selter building, determined to lead the company into the future with his father.<\/strong> <\/span><\/div>\n<\/div>\n<div data-block=\"true\" data-editor=\"eb13a\" data-offset-key=\"154fh-0-0\">\n<div class=\"public-DraftStyleDefault-block public-DraftStyleDefault-ltr\" data-offset-key=\"154fh-0-0\"><span data-offset-key=\"154fh-0-0\">\u00a0<\/span><\/div>\n<\/div>\n<div data-block=\"true\" data-editor=\"eb13a\" data-offset-key=\"4luo7-0-0\">\n<div class=\"public-DraftStyleDefault-block public-DraftStyleDefault-ltr\" data-offset-key=\"4luo7-0-0\"><span data-offset-key=\"4luo7-0-0\">His father, Gustav Adolf Selter, however, had other plans and moved to Bavaria just 9 months later. So the fate rested on the shoulders of the young Thomas Selter, fresh out of university. <\/span><\/div>\n<div data-offset-key=\"4luo7-0-0\"><\/div>\n<\/div>\n<div data-block=\"true\" data-editor=\"eb13a\" data-offset-key=\"89erk-0-0\">\n<div class=\"public-DraftStyleDefault-block public-DraftStyleDefault-ltr\" data-offset-key=\"89erk-0-0\"><span data-offset-key=\"89erk-0-0\">Although he had already got to know the company as a small child and had to earn his pocket money in it as a teenager, managing a company was something else. Obviously, he had inherited the entrepreneurial gene, because the company began to flourish under his leadership. <\/span><\/div>\n<div data-offset-key=\"89erk-0-0\"><\/div>\n<div class=\"public-DraftStyleDefault-block public-DraftStyleDefault-ltr\" data-offset-key=\"89erk-0-0\"><span data-offset-key=\"89erk-0-0\">In addition to the production of crochet hooks and single as well as double pointed needles, the share of circular knitting needles grew due to good advertising. And success did not fail to come.\nIn 1979 it became too cramped at the old production site and so Thomas Selter moved with his employees from the town centre of Altena to the district of Dahle and bought a building of about 4,500 square metres. <\/span><\/div>\n<\/div>\n                                                                    <\/div>\n                                                                <\/div>\n                                                            <\/div>\n                                                                                                                                                                                                                            <\/div>\n                                                    <div class=\"row\">\n                                                        <div class=\"col-12 col-lg-8 offset-lg-4\">\n                                                                                                                            <div data-toggle=\"modal\" data-target=\"#modal-text-gallery-video-block_33e07151d8f66a89e85a4a034d043537\">\n                                                                    <img loading=\"lazy\" decoding=\"async\" width=\"520\" height=\"300\" src=\"https:\/\/addi.de\/wp-content\/uploads\/2022\/02\/Altes-Firmengeba\u0308ude-Dahle-520x300.jpg\" class=\"attachment-520x300 size-520x300\" alt=\"Company Selter in Dahle in former times\" \/>                                                                <\/div>\n                                                                                                                    <\/div>\n                                                    <\/div>\n                                                                                                            <div class=\"row gallery-headline-wrapper centered\">\n                                                            <div class=\"col-12\">\n                                                                                                                                    <div class=\"scriptheadline hl-color\">\n                                                                        Move to Dahle 1979                                                                    <\/div>\n                                                                                                                                                                                            <\/div>\n                                                        <\/div>\n                                                                                                    <\/div>\n                                                <div class=\"col-12 col-lg-4\">\n                                                    <div class=\"row mb-3\">\n                                                        <div class=\"col-12 col-lg-9\">\n                                                                                                                            <div data-toggle=\"modal\" data-target=\"#modal-text-gallery-video-block_33e07151d8f66a89e85a4a034d043537\">\n                                                                    <img loading=\"lazy\" decoding=\"async\" width=\"400\" height=\"320\" src=\"https:\/\/addi.de\/wp-content\/uploads\/2022\/02\/Altes-Firmengeba\u0308ude-Nette-400x320.jpg\" class=\"attachment-400x320 size-400x320\" alt=\"\" \/>                                                                <\/div>\n                                                                                                                    <\/div>\n                                                    <\/div>\n                                                                                                            <div data-toggle=\"modal\" data-target=\"#modal-text-gallery-video-block_33e07151d8f66a89e85a4a034d043537\">\n                                                            <img loading=\"lazy\" decoding=\"async\" width=\"400\" height=\"320\" src=\"https:\/\/addi.de\/wp-content\/uploads\/2022\/02\/7.5-400x320.png\" class=\"attachment-400x320 size-400x320\" alt=\"\" \/>                                                        <\/div>\n                                                                                                                                                        <\/div>\n                                            <\/div>\n                                                                                                            <\/div>\n                               \n                                 \n                            <div class=\"gallery-wrapper d-block d-lg-none\">\n                                                                    <div class=\"text-wrapper mb-5\">\n                                                                                                                                                                    <div class=\"row\">\n                                                <div class=\"col-12 col-lg-8 offset-lg-1\">\n                                              \n                                                    <div class=\"heading-tag\">\n                                                        <h2>The story of Thomas Selter<\/h2>\n                                                    <\/div>\n                                                <\/div>\n                                            <\/div>\n                                                                                                                            <div class=\"row\">\n                                                <div class=\"col-12 col-lg-8 offset-lg-1\">\n                                                    <div class=\"text\">\n                                                        <div data-block=\"true\" data-editor=\"eb13a\" data-offset-key=\"ntfa-0-0\">\n<div class=\"public-DraftStyleDefault-block public-DraftStyleDefault-ltr\" data-offset-key=\"ntfa-0-0\"><span data-offset-key=\"ntfa-0-0\"><strong>The story began 50 years ago. On 1 December 1971, a young, long-haired man of 23 stormed up the narrow stairs of the old Selter building, determined to lead the company into the future with his father.<\/strong> <\/span><\/div>\n<\/div>\n<div data-block=\"true\" data-editor=\"eb13a\" data-offset-key=\"154fh-0-0\">\n<div class=\"public-DraftStyleDefault-block public-DraftStyleDefault-ltr\" data-offset-key=\"154fh-0-0\"><span data-offset-key=\"154fh-0-0\">\u00a0<\/span><\/div>\n<\/div>\n<div data-block=\"true\" data-editor=\"eb13a\" data-offset-key=\"4luo7-0-0\">\n<div class=\"public-DraftStyleDefault-block public-DraftStyleDefault-ltr\" data-offset-key=\"4luo7-0-0\"><span data-offset-key=\"4luo7-0-0\">His father, Gustav Adolf Selter, however, had other plans and moved to Bavaria just 9 months later. So the fate rested on the shoulders of the young Thomas Selter, fresh out of university. <\/span><\/div>\n<div data-offset-key=\"4luo7-0-0\"><\/div>\n<\/div>\n<div data-block=\"true\" data-editor=\"eb13a\" data-offset-key=\"89erk-0-0\">\n<div class=\"public-DraftStyleDefault-block public-DraftStyleDefault-ltr\" data-offset-key=\"89erk-0-0\"><span data-offset-key=\"89erk-0-0\">Although he had already got to know the company as a small child and had to earn his pocket money in it as a teenager, managing a company was something else. Obviously, he had inherited the entrepreneurial gene, because the company began to flourish under his leadership. <\/span><\/div>\n<div data-offset-key=\"89erk-0-0\"><\/div>\n<div class=\"public-DraftStyleDefault-block public-DraftStyleDefault-ltr\" data-offset-key=\"89erk-0-0\"><span data-offset-key=\"89erk-0-0\">In addition to the production of crochet hooks and single as well as double pointed needles, the share of circular knitting needles grew due to good advertising. And success did not fail to come.\nIn 1979 it became too cramped at the old production site and so Thomas Selter moved with his employees from the town centre of Altena to the district of Dahle and bought a building of about 4,500 square metres. <\/span><\/div>\n<\/div>\n                                                    <\/div>\n                                                <\/div>\n                                            <\/div>\n                                                                                                                                                            <\/div>\n                                                                            <div class=\"row mb-4\">\n                                            <div class=\"col-12\">\n                                                                                                    <div id=\"galleryCarousel-block_33e07151d8f66a89e85a4a034d043537\" class=\"carousel slide\" data-ride=\"carousel\" data-interval=\"2500\" data-pause=\"false\" data-keyboard=\"false\">\n                                                        <div class=\"carousel-inner\" data-countslides=\"3\">\n                                                                                                                            <div class=\"carousel-item active\">\n                                                                                                                                            <div data-toggle=\"modal\" data-target=\"#modal-text-gallery-video-block_33e07151d8f66a89e85a4a034d043537\">\n                                                                            <picture>\n                                                                                <source media=\"(min-width: 400px)\" srcset=\"https:\/\/addi.de\/wp-content\/uploads\/2022\/02\/Altes-Firmengeba\u0308ude-Nette-1280x970.jpg\">\n                                                                                <img decoding=\"async\" src=\"https:\/\/addi.de\/wp-content\/uploads\/2022\/02\/Altes-Firmengeba\u0308ude-Nette-400x320.jpg\" alt=\"\">\n                                                                            <\/picture>\n                                                                        <\/div>\n                                                                                                                                    <\/div>\n                                                                                                                            <div class=\"carousel-item\">\n                                                                                                                                            <div data-toggle=\"modal\" data-target=\"#modal-text-gallery-video-block_33e07151d8f66a89e85a4a034d043537\">\n                                                                            <picture>\n                                                                                <source media=\"(min-width: 400px)\" srcset=\"https:\/\/addi.de\/wp-content\/uploads\/2022\/02\/7.5.png\">\n                                                                                <img decoding=\"async\" src=\"https:\/\/addi.de\/wp-content\/uploads\/2022\/02\/7.5-400x320.png\" alt=\"\">\n                                                                            <\/picture>\n                                                                        <\/div>\n                                                                                                                                    <\/div>\n                                                                                                                            <div class=\"carousel-item\">\n                                                                                                                                            <div data-toggle=\"modal\" data-target=\"#modal-text-gallery-video-block_33e07151d8f66a89e85a4a034d043537\">\n                                                                            <picture>\n                                                                                <source media=\"(min-width: 400px)\" srcset=\"https:\/\/addi.de\/wp-content\/uploads\/2022\/02\/Altes-Firmengeba\u0308ude-Dahle-1280x970.jpg\">\n                                                                                <img decoding=\"async\" src=\"https:\/\/addi.de\/wp-content\/uploads\/2022\/02\/Altes-Firmengeba\u0308ude-Dahle-400x320.jpg\" alt=\"\">\n                                                                            <\/picture>\n                                                                        <\/div>\n                                                                                                                                    <\/div>\n                                                                                                                    <\/div>\n                                                    <\/div>\n                                                                                            <\/div>\n                                        <\/div>\n                                                                                                                                                                                        <div class=\"row gallery-headline-wrapper centered\">\n                                            <div class=\"col-12\">\n                                                                                                    <div class=\"scriptheadline hl-color\">\n                                                        Move to Dahle 1979                                                    <\/div>\n                                                                                                                                            <\/div>\n                                        <\/div>\n                                                                                                <\/div>\n                                                                                    <\/div>\n    <\/section>\n<\/div>\n\n            \n        <div class=\"modal fade modal-move-to-body gallery-modal company\" id=\"modal-text-gallery-video-block_33e07151d8f66a89e85a4a034d043537\" tabindex=\"-1\"\n             aria-labelledby=\"modal-text-gallery-video-block_33e07151d8f66a89e85a4a034d043537\" aria-hidden=\"true\">\n            <div class=\"modal-dialog modal-xl modal-dialog-centered\">\n                <div class=\"modal-content\">\n                    <button type=\"button\" class=\"close\" data-dismiss=\"modal\" aria-label=\"Close\">\n                        <i class=\"fas fa-times\"><\/i>\n                    <\/button>\n                    <div class=\"modal-body\">\n                        <div class=\"container-fluid\">\n                                                            <div id=\"modal-carousel-text-gallery-video-block_33e07151d8f66a89e85a4a034d043537\" class=\"carousel slide keepsize\">\n                                    <div class=\"carousel-inner\" data-countslides=\"3\">\n                                                                                    <div class=\"carousel-item active\">\n                                                <div class=\"row carousel-item-image-wrapper\">\n                                                    <div class=\"col-12\">\n                                                        <div class=\"carousel-item-image\">\n                                                            <div class=\"color-area-secondary\"><\/div>\n                                                            <img loading=\"lazy\" decoding=\"async\" width=\"2168\" height=\"1438\" src=\"https:\/\/addi.de\/wp-content\/uploads\/2022\/02\/Altes-Firmengeba\u0308ude-Nette.jpg\" class=\"attachment-full size-full\" alt=\"\" srcset=\"https:\/\/addi.de\/wp-content\/uploads\/2022\/02\/Altes-Firmengeba\u0308ude-Nette.jpg 2168w, https:\/\/addi.de\/wp-content\/uploads\/2022\/02\/Altes-Firmengeba\u0308ude-Nette-450x298.jpg 450w, https:\/\/addi.de\/wp-content\/uploads\/2022\/02\/Altes-Firmengeba\u0308ude-Nette-768x509.jpg 768w, https:\/\/addi.de\/wp-content\/uploads\/2022\/02\/Altes-Firmengeba\u0308ude-Nette-1536x1019.jpg 1536w, https:\/\/addi.de\/wp-content\/uploads\/2022\/02\/Altes-Firmengeba\u0308ude-Nette-2048x1358.jpg 2048w, https:\/\/addi.de\/wp-content\/uploads\/2022\/02\/Altes-Firmengeba\u0308ude-Nette-300x200.jpg 300w, https:\/\/addi.de\/wp-content\/uploads\/2022\/02\/Altes-Firmengeba\u0308ude-Nette-1320x876.jpg 1320w, https:\/\/addi.de\/wp-content\/uploads\/2022\/02\/Altes-Firmengeba\u0308ude-Nette-600x398.jpg 600w\" sizes=\"auto, (max-width: 2168px) 100vw, 2168px\" \/>                                                        <\/div>\n                                                    <\/div>\n                                                <\/div>\n                                                                                                    <div class=\"row carousel-item-caption-wrapper\">\n                                                        <div class=\"col-12 col-lg-10 offset-lg-1\">\n                                                            <div class=\"carousel-item-caption\">\n                                                                <p>The former company building in the Nette in Altena.<\/p>\n                                                            <\/div>\n                                                        <\/div>\n                                                    <\/div>\n                                                                                            <\/div>\n                                                                                    <div class=\"carousel-item\">\n                                                <div class=\"row carousel-item-image-wrapper\">\n                                                    <div class=\"col-12\">\n                                                        <div class=\"carousel-item-image\">\n                                                            <div class=\"color-area-secondary\"><\/div>\n                                                            <img loading=\"lazy\" decoding=\"async\" width=\"792\" height=\"586\" src=\"https:\/\/addi.de\/wp-content\/uploads\/2022\/02\/7.5.png\" class=\"attachment-full size-full\" alt=\"\" srcset=\"https:\/\/addi.de\/wp-content\/uploads\/2022\/02\/7.5.png 792w, https:\/\/addi.de\/wp-content\/uploads\/2022\/02\/7.5-405x300.png 405w, https:\/\/addi.de\/wp-content\/uploads\/2022\/02\/7.5-768x568.png 768w, https:\/\/addi.de\/wp-content\/uploads\/2022\/02\/7.5-600x444.png 600w\" sizes=\"auto, (max-width: 792px) 100vw, 792px\" \/>                                                        <\/div>\n                                                    <\/div>\n                                                <\/div>\n                                                                                            <\/div>\n                                                                                    <div class=\"carousel-item\">\n                                                <div class=\"row carousel-item-image-wrapper\">\n                                                    <div class=\"col-12\">\n                                                        <div class=\"carousel-item-image\">\n                                                            <div class=\"color-area-secondary\"><\/div>\n                                                            <img loading=\"lazy\" decoding=\"async\" width=\"2172\" height=\"1420\" src=\"https:\/\/addi.de\/wp-content\/uploads\/2022\/02\/Altes-Firmengeba\u0308ude-Dahle.jpg\" class=\"attachment-full size-full\" alt=\"Company Selter in Dahle in former times\" srcset=\"https:\/\/addi.de\/wp-content\/uploads\/2022\/02\/Altes-Firmengeba\u0308ude-Dahle.jpg 2172w, https:\/\/addi.de\/wp-content\/uploads\/2022\/02\/Altes-Firmengeba\u0308ude-Dahle-450x294.jpg 450w, https:\/\/addi.de\/wp-content\/uploads\/2022\/02\/Altes-Firmengeba\u0308ude-Dahle-768x502.jpg 768w, https:\/\/addi.de\/wp-content\/uploads\/2022\/02\/Altes-Firmengeba\u0308ude-Dahle-1536x1004.jpg 1536w, https:\/\/addi.de\/wp-content\/uploads\/2022\/02\/Altes-Firmengeba\u0308ude-Dahle-2048x1339.jpg 2048w, https:\/\/addi.de\/wp-content\/uploads\/2022\/02\/Altes-Firmengeba\u0308ude-Dahle-1320x863.jpg 1320w, https:\/\/addi.de\/wp-content\/uploads\/2022\/02\/Altes-Firmengeba\u0308ude-Dahle-600x392.jpg 600w\" sizes=\"auto, (max-width: 2172px) 100vw, 2172px\" \/>                                                        <\/div>\n                                                    <\/div>\n                                                <\/div>\n                                                                                                    <div class=\"row carousel-item-caption-wrapper\">\n                                                        <div class=\"col-12 col-lg-10 offset-lg-1\">\n                                                            <div class=\"carousel-item-caption\">\n                                                                <p>Today's company building Plant 1 in the Dahle district of Altena in the 1990s<\/p>\n                                                            <\/div>\n                                                        <\/div>\n                                                    <\/div>\n                                                                                            <\/div>\n                                                                            <\/div>\n                                    <a class=\"carousel-control-prev\" href=\"#modal-carousel-text-gallery-video-block_33e07151d8f66a89e85a4a034d043537\" role=\"button\" data-slide=\"prev\">\n                                        <i class=\"fas fa-angle-left\"><\/i>\n                                    <\/a>\n                                    <a class=\"carousel-control-next\" href=\"#modal-carousel-text-gallery-video-block_33e07151d8f66a89e85a4a034d043537\" role=\"button\" data-slide=\"next\">\n                                        <i class=\"fas fa-angle-right\"><\/i>\n                                    <\/a>\n                                    <div class=\"carousel-indicators-wrapper\">\n                                        <ol class=\"carousel-indicators\">\n                                                                                            <li data-target=\"#modal-carousel-text-gallery-video-block_33e07151d8f66a89e85a4a034d043537\" data-slide-to=\"0\"\n                                                    class=\"active\"><\/li>\n                                                                                            <li data-target=\"#modal-carousel-text-gallery-video-block_33e07151d8f66a89e85a4a034d043537\" data-slide-to=\"1\"\n                                                    class=\"\"><\/li>\n                                                                                            <li data-target=\"#modal-carousel-text-gallery-video-block_33e07151d8f66a89e85a4a034d043537\" data-slide-to=\"2\"\n                                                    class=\"\"><\/li>\n                                                                                    <\/ol>\n                                    <\/div>\n                                <\/div>\n                                                    <\/div>\n                    <\/div>\n                <\/div>\n            <\/div>\n        <\/div>\n    \n\n\n            \n<div id=\"text-gallery-video-block_5a9ac741c7d3e95899c45087b37d3bd7\" class=\"text-gallery-video alignment-right company\" >\n    <section>\n        <div class=\"container position-relative\">\n            \n\n                                                                                <div class=\"gallery-wrapper d-lg-block\">\n                                                                                                                        <div class=\"row align-items-end\">\n                                                <div class=\"col-12 col-lg-4 offset-lg-1\">\n                                                    <div class=\"row mb-3\">\n                                                        <div class=\"col-12 col-lg-9 offset-lg-3\">\n                                                                                                                            <div data-toggle=\"modal\" data-target=\"#modal-text-gallery-video-block_5a9ac741c7d3e95899c45087b37d3bd7\">\n                                                                    <img loading=\"lazy\" decoding=\"async\" width=\"400\" height=\"320\" src=\"https:\/\/addi.de\/wp-content\/uploads\/2022\/02\/addi-1950-klein-400x320.png\" class=\"attachment-400x320 size-400x320\" alt=\"\" srcset=\"https:\/\/addi.de\/wp-content\/uploads\/2022\/02\/addi-1950-klein-400x320.png 400w, https:\/\/addi.de\/wp-content\/uploads\/2022\/02\/addi-1950-klein-500x400.png 500w\" sizes=\"auto, (max-width: 400px) 100vw, 400px\" \/>                                                                <\/div>\n                                                                                                                    <\/div>\n                                                    <\/div>\n                                                                                                            <div data-toggle=\"modal\" data-target=\"#modal-text-gallery-video-block_5a9ac741c7d3e95899c45087b37d3bd7\">\n                                                            <img loading=\"lazy\" decoding=\"async\" width=\"400\" height=\"320\" src=\"https:\/\/addi.de\/wp-content\/uploads\/2022\/02\/20190211_17261912-400x320.png\" class=\"attachment-400x320 size-400x320\" alt=\"\" \/>                                                        <\/div>\n                                                                                                                                                        <\/div>\n                                                <div class=\"col-12 col-lg-6\">\n                                                    <div class=\"text-wrapper mb-3\">\n                                                                                                                                                                                                                                                                                            <div class=\"row\">\n                                                                <div class=\"col-12\">\n                                                                    <div class=\"text\">\n                                                                        <div data-block=\"true\" data-editor=\"eb13a\" data-offset-key=\"8vrld-0-0\">\n<div class=\"public-DraftStyleDefault-block public-DraftStyleDefault-ltr\" data-offset-key=\"8vrld-0-0\"><span data-offset-key=\"8vrld-0-0\"><strong>That should be enough for now and, according to his belief, for the rest of his term of office. From then on he only signed his letters with \u201cFriendly greetings from the nicer part of Altena\u201d<\/strong>because at that time there was also the company IMRA in Altena\u2019s town centre, Johann Moritz Rump with the INOX needles. <\/span><\/div>\n<\/div>\n<div data-block=\"true\" data-editor=\"eb13a\" data-offset-key=\"9coc9-0-0\">\n<div class=\"public-DraftStyleDefault-block public-DraftStyleDefault-ltr\" data-offset-key=\"9coc9-0-0\"><span data-offset-key=\"9coc9-0-0\">\u00a0<\/span><\/div>\n<\/div>\n<div data-block=\"true\" data-editor=\"eb13a\" data-offset-key=\"ban37-0-0\">\n<div class=\"public-DraftStyleDefault-block public-DraftStyleDefault-ltr\" data-offset-key=\"ban37-0-0\"><span data-offset-key=\"ban37-0-0\">Success continued upwards for a few more years. The Greens entered the government and knitted for all they were worth, and in Germany people proudly wore home-made knitwear. <\/span><\/div>\n<\/div>\n                                                                    <\/div>\n                                                                <\/div>\n                                                            <\/div>\n                                                                                                                                                                                                                            <\/div>\n                                                    <div class=\"row\">\n                                                        <div class=\"col-12 col-lg-8\">\n                                                                                                                            <div data-toggle=\"modal\" data-target=\"#modal-text-gallery-video-block_5a9ac741c7d3e95899c45087b37d3bd7\">\n                                                                    <img loading=\"lazy\" decoding=\"async\" width=\"520\" height=\"300\" src=\"https:\/\/addi.de\/wp-content\/uploads\/2022\/02\/20190118_11104511-520x300.png\" class=\"attachment-520x300 size-520x300\" alt=\"\" \/>                                                                <\/div>\n                                                                                                                    <\/div>\n                                                    <\/div>\n                                                                                                            <div class=\"scriptheadlinespacer\"><\/div>\n                                                                                                                    <div class=\"buttonspacer\"><\/div>\n                                                                                                                                                            <\/div>\n                                            <\/div>\n                                                                                                            <\/div>\n                               \n                                 \n                            <div class=\"gallery-wrapper d-block d-lg-none\">\n                                                                    <div class=\"text-wrapper mb-5\">\n                                                                                                                                                                                                            <div class=\"row\">\n                                                <div class=\"col-12 col-lg-8 offset-lg-1\">\n                                                    <div class=\"text\">\n                                                        <div data-block=\"true\" data-editor=\"eb13a\" data-offset-key=\"8vrld-0-0\">\n<div class=\"public-DraftStyleDefault-block public-DraftStyleDefault-ltr\" data-offset-key=\"8vrld-0-0\"><span data-offset-key=\"8vrld-0-0\"><strong>That should be enough for now and, according to his belief, for the rest of his term of office. From then on he only signed his letters with \u201cFriendly greetings from the nicer part of Altena\u201d<\/strong>because at that time there was also the company IMRA in Altena\u2019s town centre, Johann Moritz Rump with the INOX needles. <\/span><\/div>\n<\/div>\n<div data-block=\"true\" data-editor=\"eb13a\" data-offset-key=\"9coc9-0-0\">\n<div class=\"public-DraftStyleDefault-block public-DraftStyleDefault-ltr\" data-offset-key=\"9coc9-0-0\"><span data-offset-key=\"9coc9-0-0\">\u00a0<\/span><\/div>\n<\/div>\n<div data-block=\"true\" data-editor=\"eb13a\" data-offset-key=\"ban37-0-0\">\n<div class=\"public-DraftStyleDefault-block public-DraftStyleDefault-ltr\" data-offset-key=\"ban37-0-0\"><span data-offset-key=\"ban37-0-0\">Success continued upwards for a few more years. The Greens entered the government and knitted for all they were worth, and in Germany people proudly wore home-made knitwear. <\/span><\/div>\n<\/div>\n                                                    <\/div>\n                                                <\/div>\n                                            <\/div>\n                                                                                                                                                            <\/div>\n                                                                            <div class=\"row mb-4\">\n                                            <div class=\"col-12\">\n                                                                                                    <div id=\"galleryCarousel-block_5a9ac741c7d3e95899c45087b37d3bd7\" class=\"carousel slide\" data-ride=\"carousel\" data-interval=\"2500\" data-pause=\"false\" data-keyboard=\"false\">\n                                                        <div class=\"carousel-inner\" data-countslides=\"3\">\n                                                                                                                            <div class=\"carousel-item active\">\n                                                                                                                                            <div data-toggle=\"modal\" data-target=\"#modal-text-gallery-video-block_5a9ac741c7d3e95899c45087b37d3bd7\">\n                                                                            <picture>\n                                                                                <source media=\"(min-width: 400px)\" srcset=\"https:\/\/addi.de\/wp-content\/uploads\/2022\/02\/addi-1950-klein.png\">\n                                                                                <img decoding=\"async\" src=\"https:\/\/addi.de\/wp-content\/uploads\/2022\/02\/addi-1950-klein-400x320.png\" alt=\"\">\n                                                                            <\/picture>\n                                                                        <\/div>\n                                                                                                                                    <\/div>\n                                                                                                                            <div class=\"carousel-item\">\n                                                                                                                                            <div data-toggle=\"modal\" data-target=\"#modal-text-gallery-video-block_5a9ac741c7d3e95899c45087b37d3bd7\">\n                                                                            <picture>\n                                                                                <source media=\"(min-width: 400px)\" srcset=\"https:\/\/addi.de\/wp-content\/uploads\/2022\/02\/20190211_17261912.png\">\n                                                                                <img decoding=\"async\" src=\"https:\/\/addi.de\/wp-content\/uploads\/2022\/02\/20190211_17261912-400x320.png\" alt=\"\">\n                                                                            <\/picture>\n                                                                        <\/div>\n                                                                                                                                    <\/div>\n                                                                                                                            <div class=\"carousel-item\">\n                                                                                                                                            <div data-toggle=\"modal\" data-target=\"#modal-text-gallery-video-block_5a9ac741c7d3e95899c45087b37d3bd7\">\n                                                                            <picture>\n                                                                                <source media=\"(min-width: 400px)\" srcset=\"https:\/\/addi.de\/wp-content\/uploads\/2022\/02\/20190118_11104511.png\">\n                                                                                <img decoding=\"async\" src=\"https:\/\/addi.de\/wp-content\/uploads\/2022\/02\/20190118_11104511-400x320.png\" alt=\"\">\n                                                                            <\/picture>\n                                                                        <\/div>\n                                                                                                                                    <\/div>\n                                                                                                                    <\/div>\n                                                    <\/div>\n                                                                                            <\/div>\n                                        <\/div>\n                                                                                                                                                                                                            <\/div>\n                                                                                    <\/div>\n    <\/section>\n<\/div>\n\n            \n        <div class=\"modal fade modal-move-to-body gallery-modal company\" id=\"modal-text-gallery-video-block_5a9ac741c7d3e95899c45087b37d3bd7\" tabindex=\"-1\"\n             aria-labelledby=\"modal-text-gallery-video-block_5a9ac741c7d3e95899c45087b37d3bd7\" aria-hidden=\"true\">\n            <div class=\"modal-dialog modal-xl modal-dialog-centered\">\n                <div class=\"modal-content\">\n                    <button type=\"button\" class=\"close\" data-dismiss=\"modal\" aria-label=\"Close\">\n                        <i class=\"fas fa-times\"><\/i>\n                    <\/button>\n                    <div class=\"modal-body\">\n                        <div class=\"container-fluid\">\n                                                            <div id=\"modal-carousel-text-gallery-video-block_5a9ac741c7d3e95899c45087b37d3bd7\" class=\"carousel slide keepsize\">\n                                    <div class=\"carousel-inner\" data-countslides=\"3\">\n                                                                                    <div class=\"carousel-item active\">\n                                                <div class=\"row carousel-item-image-wrapper\">\n                                                    <div class=\"col-12\">\n                                                        <div class=\"carousel-item-image\">\n                                                            <div class=\"color-area-secondary\"><\/div>\n                                                            <img loading=\"lazy\" decoding=\"async\" width=\"500\" height=\"500\" src=\"https:\/\/addi.de\/wp-content\/uploads\/2022\/02\/addi-1950-klein.png\" class=\"attachment-full size-full\" alt=\"\" srcset=\"https:\/\/addi.de\/wp-content\/uploads\/2022\/02\/addi-1950-klein.png 500w, https:\/\/addi.de\/wp-content\/uploads\/2022\/02\/addi-1950-klein-300x300.png 300w, https:\/\/addi.de\/wp-content\/uploads\/2022\/02\/addi-1950-klein-400x400.png 400w, https:\/\/addi.de\/wp-content\/uploads\/2022\/02\/addi-1950-klein-100x100.png 100w\" sizes=\"auto, (max-width: 500px) 100vw, 500px\" \/>                                                        <\/div>\n                                                    <\/div>\n                                                <\/div>\n                                                                                            <\/div>\n                                                                                    <div class=\"carousel-item\">\n                                                <div class=\"row carousel-item-image-wrapper\">\n                                                    <div class=\"col-12\">\n                                                        <div class=\"carousel-item-image\">\n                                                            <div class=\"color-area-secondary\"><\/div>\n                                                            <img loading=\"lazy\" decoding=\"async\" width=\"800\" height=\"530\" src=\"https:\/\/addi.de\/wp-content\/uploads\/2022\/02\/20190211_17261912.png\" class=\"attachment-full size-full\" alt=\"\" srcset=\"https:\/\/addi.de\/wp-content\/uploads\/2022\/02\/20190211_17261912.png 800w, https:\/\/addi.de\/wp-content\/uploads\/2022\/02\/20190211_17261912-450x298.png 450w, https:\/\/addi.de\/wp-content\/uploads\/2022\/02\/20190211_17261912-768x509.png 768w, https:\/\/addi.de\/wp-content\/uploads\/2022\/02\/20190211_17261912-300x200.png 300w, https:\/\/addi.de\/wp-content\/uploads\/2022\/02\/20190211_17261912-600x398.png 600w\" sizes=\"auto, (max-width: 800px) 100vw, 800px\" \/>                                                        <\/div>\n                                                    <\/div>\n                                                <\/div>\n                                                                                            <\/div>\n                                                                                    <div class=\"carousel-item\">\n                                                <div class=\"row carousel-item-image-wrapper\">\n                                                    <div class=\"col-12\">\n                                                        <div class=\"carousel-item-image\">\n                                                            <div class=\"color-area-secondary\"><\/div>\n                                                            <img loading=\"lazy\" decoding=\"async\" width=\"1029\" height=\"692\" src=\"https:\/\/addi.de\/wp-content\/uploads\/2022\/02\/20190118_11104511.png\" class=\"attachment-full size-full\" alt=\"\" srcset=\"https:\/\/addi.de\/wp-content\/uploads\/2022\/02\/20190118_11104511.png 1029w, https:\/\/addi.de\/wp-content\/uploads\/2022\/02\/20190118_11104511-446x300.png 446w, https:\/\/addi.de\/wp-content\/uploads\/2022\/02\/20190118_11104511-768x516.png 768w, https:\/\/addi.de\/wp-content\/uploads\/2022\/02\/20190118_11104511-600x403.png 600w\" sizes=\"auto, (max-width: 1029px) 100vw, 1029px\" \/>                                                        <\/div>\n                                                    <\/div>\n                                                <\/div>\n                                                                                            <\/div>\n                                                                            <\/div>\n                                    <a class=\"carousel-control-prev\" href=\"#modal-carousel-text-gallery-video-block_5a9ac741c7d3e95899c45087b37d3bd7\" role=\"button\" data-slide=\"prev\">\n                                        <i class=\"fas fa-angle-left\"><\/i>\n                                    <\/a>\n                                    <a class=\"carousel-control-next\" href=\"#modal-carousel-text-gallery-video-block_5a9ac741c7d3e95899c45087b37d3bd7\" role=\"button\" data-slide=\"next\">\n                                        <i class=\"fas fa-angle-right\"><\/i>\n                                    <\/a>\n                                    <div class=\"carousel-indicators-wrapper\">\n                                        <ol class=\"carousel-indicators\">\n                                                                                            <li data-target=\"#modal-carousel-text-gallery-video-block_5a9ac741c7d3e95899c45087b37d3bd7\" data-slide-to=\"0\"\n                                                    class=\"active\"><\/li>\n                                                                                            <li data-target=\"#modal-carousel-text-gallery-video-block_5a9ac741c7d3e95899c45087b37d3bd7\" data-slide-to=\"1\"\n                                                    class=\"\"><\/li>\n                                                                                            <li data-target=\"#modal-carousel-text-gallery-video-block_5a9ac741c7d3e95899c45087b37d3bd7\" data-slide-to=\"2\"\n                                                    class=\"\"><\/li>\n                                                                                    <\/ol>\n                                    <\/div>\n                                <\/div>\n                                                    <\/div>\n                    <\/div>\n                <\/div>\n            <\/div>\n        <\/div>\n    \n\n\n            \n<div id=\"text-gallery-video-block_b628c9746e804b3a1fd3436fcbf154b8\" class=\"text-gallery-video alignment-left company\" >\n    <section>\n        <div class=\"container position-relative\">\n            \n\n                                                                                <div class=\"gallery-wrapper  d-lg-block\">\n                                                                                                                        <div class=\"text-wrapper mb-5\">\n                                                                                                                                                                                                                                                    <div class=\"row\">\n                                                        <div class=\"col-12 col-lg-8 offset-lg-1\">\n                                                            <div class=\"text\">\n                                                                <div data-block=\"true\" data-editor=\"eb13a\" data-offset-key=\"ban37-0-0\">\n<div class=\"public-DraftStyleDefault-block public-DraftStyleDefault-ltr\" data-offset-key=\"ban37-0-0\"><span data-offset-key=\"ban37-0-0\"><strong>And then came the crash. Knitting and crocheting were out, people wore blouses and blazers and only the \u201cleftovers\u201d hid their home-knitted socks under their trousers.<\/strong> <\/span><\/div>\n<div class=\"public-DraftStyleDefault-block public-DraftStyleDefault-ltr\" data-offset-key=\"ban37-0-0\"><span data-offset-key=\"ban37-0-0\">Of the 14 or so manufacturers in Europe, the Selter company with a full range of products remained in the end as the only producer with the production facility in Germany. Hard times, also for the family and all the employees. But under the leadership of Thomas Selter, the company fought its way through the deep valley and even increased its market share during the bad times. <\/span><\/div>\n<\/div>\n<div data-block=\"true\" data-editor=\"eb13a\" data-offset-key=\"fot1d-0-0\">\n<div class=\"public-DraftStyleDefault-block public-DraftStyleDefault-ltr\" data-offset-key=\"fot1d-0-0\"><span data-offset-key=\"fot1d-0-0\">\u00a0<\/span><\/div>\n<\/div>\n<div data-block=\"true\" data-editor=\"eb13a\" data-offset-key=\"9hjkl-0-0\">\n<div class=\"public-DraftStyleDefault-block public-DraftStyleDefault-ltr\" data-offset-key=\"9hjkl-0-0\"><span data-offset-key=\"9hjkl-0-0\">The beginning of the partnership with the company Skacel in the USA also helped during this time. Together they built up the addi brand there and the success came back to Germany. Here, too, things picked up again at the end of the 1990s and around the turn of the millennium. In contrast to the past, Thomas Selter significantly increased export activities and positioned the company internationally. <\/span><\/div>\n<\/div>\n                                                            <\/div>\n                                                        <\/div>\n                                                    <\/div>\n                                                                                                                                                                                            <\/div>\n                                            <div class=\"row\">\n                                                <div class=\"col-12 col-lg-10 offset-lg-1\">\n                                                                                                    <\/div>\n                                            <\/div>\n                                                                                                                                                        <\/div>\n                               \n                                 \n                            <div class=\"gallery-wrapper d-block d-lg-none\">\n                                                                    <div class=\"text-wrapper mb-5\">\n                                                                                                                                                                                                            <div class=\"row\">\n                                                <div class=\"col-12 col-lg-8 offset-lg-1\">\n                                                    <div class=\"text\">\n                                                        <div data-block=\"true\" data-editor=\"eb13a\" data-offset-key=\"ban37-0-0\">\n<div class=\"public-DraftStyleDefault-block public-DraftStyleDefault-ltr\" data-offset-key=\"ban37-0-0\"><span data-offset-key=\"ban37-0-0\"><strong>And then came the crash. Knitting and crocheting were out, people wore blouses and blazers and only the \u201cleftovers\u201d hid their home-knitted socks under their trousers.<\/strong> <\/span><\/div>\n<div class=\"public-DraftStyleDefault-block public-DraftStyleDefault-ltr\" data-offset-key=\"ban37-0-0\"><span data-offset-key=\"ban37-0-0\">Of the 14 or so manufacturers in Europe, the Selter company with a full range of products remained in the end as the only producer with the production facility in Germany. Hard times, also for the family and all the employees. But under the leadership of Thomas Selter, the company fought its way through the deep valley and even increased its market share during the bad times. <\/span><\/div>\n<\/div>\n<div data-block=\"true\" data-editor=\"eb13a\" data-offset-key=\"fot1d-0-0\">\n<div class=\"public-DraftStyleDefault-block public-DraftStyleDefault-ltr\" data-offset-key=\"fot1d-0-0\"><span data-offset-key=\"fot1d-0-0\">\u00a0<\/span><\/div>\n<\/div>\n<div data-block=\"true\" data-editor=\"eb13a\" data-offset-key=\"9hjkl-0-0\">\n<div class=\"public-DraftStyleDefault-block public-DraftStyleDefault-ltr\" data-offset-key=\"9hjkl-0-0\"><span data-offset-key=\"9hjkl-0-0\">The beginning of the partnership with the company Skacel in the USA also helped during this time. Together they built up the addi brand there and the success came back to Germany. Here, too, things picked up again at the end of the 1990s and around the turn of the millennium. In contrast to the past, Thomas Selter significantly increased export activities and positioned the company internationally. <\/span><\/div>\n<\/div>\n                                                    <\/div>\n                                                <\/div>\n                                            <\/div>\n                                                                                                                                                            <\/div>\n                                                                            <div class=\"row mb-4\">\n                                            <div class=\"col-12\">\n                                                                                            <\/div>\n                                        <\/div>\n                                                                                                                                                                                                            <\/div>\n                                                                                    <\/div>\n    <\/section>\n<\/div>\n\n            \n        <div class=\"modal fade modal-move-to-body gallery-modal company\" id=\"modal-text-gallery-video-block_b628c9746e804b3a1fd3436fcbf154b8\" tabindex=\"-1\"\n             aria-labelledby=\"modal-text-gallery-video-block_b628c9746e804b3a1fd3436fcbf154b8\" aria-hidden=\"true\">\n            <div class=\"modal-dialog modal-xl modal-dialog-centered\">\n                <div class=\"modal-content\">\n                    <button type=\"button\" class=\"close\" data-dismiss=\"modal\" aria-label=\"Close\">\n                        <i class=\"fas fa-times\"><\/i>\n                    <\/button>\n                    <div class=\"modal-body\">\n                        <div class=\"container-fluid\">\n                                                            <div class=\"row\">\n                                    <div class=\"col-12\">\n                                        <div class=\"row carousel-item-image-wrapper\">\n                                            <div class=\"col-12\">\n                                                <div class=\"carousel-item-image\">\n                                                    <div class=\"color-area-secondary\"><\/div>\n                                                                                                    <\/div>\n                                            <\/div>\n                                        <\/div>\n                                                                            <\/div>\n                                <\/div>\n                                                    <\/div>\n                    <\/div>\n                <\/div>\n            <\/div>\n        <\/div>\n    \n\n\n            \n<div id=\"text-gallery-video-block_1b302f14b0f9a5b56c7d9923304c8656\" class=\"text-gallery-video alignment-right company\" >\n    <section>\n        <div class=\"container position-relative\">\n            \n\n                                                                                <div class=\"gallery-wrapper d-lg-block\">\n                                                                                                                        <div class=\"row align-items-end\">\n                                                <div class=\"col-12 col-lg-4 offset-lg-1 elements-count-2\">\n                                                                                                            <div data-toggle=\"modal\" data-target=\"#modal-text-gallery-video-block_1b302f14b0f9a5b56c7d9923304c8656\">\n                                                            <img loading=\"lazy\" decoding=\"async\" width=\"400\" height=\"400\" src=\"https:\/\/addi.de\/wp-content\/uploads\/2022\/02\/TS-vor-Weltkugel-400x400.jpg\" class=\"attachment-400x400 size-400x400\" alt=\"\" srcset=\"https:\/\/addi.de\/wp-content\/uploads\/2022\/02\/TS-vor-Weltkugel-400x400.jpg 400w, https:\/\/addi.de\/wp-content\/uploads\/2022\/02\/TS-vor-Weltkugel-800x800.jpg 800w, https:\/\/addi.de\/wp-content\/uploads\/2022\/02\/TS-vor-Weltkugel-300x300.jpg 300w, https:\/\/addi.de\/wp-content\/uploads\/2022\/02\/TS-vor-Weltkugel-100x100.jpg 100w\" sizes=\"auto, (max-width: 400px) 100vw, 400px\">                                                        <\/div>\n                                                                                                                                                                <div class=\"buttonspacer\"><\/div>\n                                                                                                                                                                <div class=\"row gallery-headline-wrapper centered\">\n                                                            <div class=\"col-12\">\n                                                                                                                                    <div class=\"scriptheadline hl-color\">\n                                                                        Mr. addi is in demand all over the world                                                                    <\/div>\n                                                                                                                                                                                                    <div class=\"underlinespacer\"><\/div>\n                                                                                                                            <\/div>\n                                                        <\/div>\n                                                                                                    <\/div>\n                                                <div class=\"col-12 col-lg-6\">\n                                                    <div class=\"text-wrapper mb-3\">\n                                                                                                                                                                                                                                                                                            <div class=\"row\">\n                                                                <div class=\"col-12\">\n                                                                    <div class=\"text\">\n                                                                        <p><strong>Today, the addi brand stands for a promise of quality and for Made in Germany.<\/strong> It stands for premium needles and a guarantee promise. And after 50 years, \u201cMr. addi\u201d still stands behind it. For a long time now, the young man from back then has no longer been called Thomas Selter, but he is known as Mr. addi, and as such he signs autographs on the packaging in the USA, China, Russia and Japan.<\/p>\n                                                                    <\/div>\n                                                                <\/div>\n                                                            <\/div>\n                                                                                                                                                                                                                            <\/div>\n                                                                                                            <div data-toggle=\"modal\" data-target=\"#modal-text-gallery-video-block_1b302f14b0f9a5b56c7d9923304c8656\">\n                                                            <img loading=\"lazy\" decoding=\"async\" width=\"900\" height=\"650\" src=\"https:\/\/addi.de\/wp-content\/uploads\/2022\/02\/Autogramm-geben-Bejing-2014-900x650.jpg\" class=\"attachment-900x650 size-900x650\" alt=\"\">                                                        <\/div>\n                                                                                                    <\/div>\n                                            <\/div>\n                                                                                                            <\/div>\n                               \n                                 \n                            <div class=\"gallery-wrapper d-block d-lg-none\">\n                                                                    <div class=\"text-wrapper mb-5\">\n                                                                                                                                                                                                            <div class=\"row\">\n                                                <div class=\"col-12 col-lg-8 offset-lg-1\">\n                                                    <div class=\"text\">\n                                                        <p><strong>Today, the addi brand stands for a promise of quality and for Made in Germany.<\/strong> It stands for premium needles and a guarantee promise. And after 50 years, \u201cMr. addi\u201d still stands behind it. For a long time now, the young man from back then has no longer been called Thomas Selter, but he is known as Mr. addi, and as such he signs autographs on the packaging in the USA, China, Russia and Japan.<\/p>\n                                                    <\/div>\n                                                <\/div>\n                                            <\/div>\n                                                                                                                                                            <\/div>\n                                                                            <div class=\"row mb-4\">\n                                            <div class=\"col-12\">\n                                                                                                    <div id=\"galleryCarousel-block_1b302f14b0f9a5b56c7d9923304c8656\" class=\"carousel slide\" data-ride=\"carousel\" data-interval=\"2500\" data-pause=\"false\" data-keyboard=\"false\">\n                                                        <div class=\"carousel-inner\" data-countslides=\"2\">\n                                                                                                                            <div class=\"carousel-item active\">\n                                                                                                                                            <div data-toggle=\"modal\" data-target=\"#modal-text-gallery-video-block_1b302f14b0f9a5b56c7d9923304c8656\">\n                                                                            <picture>\n                                                                                <source media=\"(min-width: 400px)\" srcset=\"https:\/\/addi.de\/wp-content\/uploads\/2022\/02\/Autogramm-geben-Bejing-2014-1280x970.jpg\">\n                                                                                <img decoding=\"async\" src=\"https:\/\/addi.de\/wp-content\/uploads\/2022\/02\/Autogramm-geben-Bejing-2014-400x320.jpg\" alt=\"\">\n                                                                            <\/picture>\n                                                                        <\/div>\n                                                                                                                                    <\/div>\n                                                                                                                            <div class=\"carousel-item\">\n                                                                                                                                            <div data-toggle=\"modal\" data-target=\"#modal-text-gallery-video-block_1b302f14b0f9a5b56c7d9923304c8656\">\n                                                                            <picture>\n                                                                                <source media=\"(min-width: 400px)\" srcset=\"https:\/\/addi.de\/wp-content\/uploads\/2022\/02\/TS-vor-Weltkugel-1280x970.jpg\">\n                                                                                <img decoding=\"async\" src=\"https:\/\/addi.de\/wp-content\/uploads\/2022\/02\/TS-vor-Weltkugel-400x320.jpg\" alt=\"\">\n                                                                            <\/picture>\n                                                                        <\/div>\n                                                                                                                                    <\/div>\n                                                                                                                    <\/div>\n                                                    <\/div>\n                                                                                            <\/div>\n                                        <\/div>\n                                                                                                                                                                                        <div class=\"row gallery-headline-wrapper centered\">\n                                            <div class=\"col-12\">\n                                                                                                    <div class=\"scriptheadline hl-color\">\n                                                        Mr. addi is in demand all over the world                                                    <\/div>\n                                                                                                                                            <\/div>\n                                        <\/div>\n                                                                                                <\/div>\n                                                                                    <\/div>\n    <\/section>\n<\/div>\n\n            \n        <div class=\"modal fade modal-move-to-body gallery-modal company\" id=\"modal-text-gallery-video-block_1b302f14b0f9a5b56c7d9923304c8656\" tabindex=\"-1\"\n             aria-labelledby=\"modal-text-gallery-video-block_1b302f14b0f9a5b56c7d9923304c8656\" aria-hidden=\"true\">\n            <div class=\"modal-dialog modal-xl modal-dialog-centered\">\n                <div class=\"modal-content\">\n                    <button type=\"button\" class=\"close\" data-dismiss=\"modal\" aria-label=\"Close\">\n                        <i class=\"fas fa-times\"><\/i>\n                    <\/button>\n                    <div class=\"modal-body\">\n                        <div class=\"container-fluid\">\n                                                            <div id=\"modal-carousel-text-gallery-video-block_1b302f14b0f9a5b56c7d9923304c8656\" class=\"carousel slide keepsize\">\n                                    <div class=\"carousel-inner\" data-countslides=\"2\">\n                                                                                    <div class=\"carousel-item active\">\n                                                <div class=\"row carousel-item-image-wrapper\">\n                                                    <div class=\"col-12\">\n                                                        <div class=\"carousel-item-image\">\n                                                            <div class=\"color-area-secondary\"><\/div>\n                                                            <img loading=\"lazy\" decoding=\"async\" width=\"2560\" height=\"1439\" src=\"https:\/\/addi.de\/wp-content\/uploads\/2022\/02\/Autogramm-geben-Bejing-2014-scaled.jpg\" class=\"attachment-full size-full\" alt=\"\" srcset=\"https:\/\/addi.de\/wp-content\/uploads\/2022\/02\/Autogramm-geben-Bejing-2014-scaled.jpg 2560w, https:\/\/addi.de\/wp-content\/uploads\/2022\/02\/Autogramm-geben-Bejing-2014-450x253.jpg 450w, https:\/\/addi.de\/wp-content\/uploads\/2022\/02\/Autogramm-geben-Bejing-2014-768x432.jpg 768w, https:\/\/addi.de\/wp-content\/uploads\/2022\/02\/Autogramm-geben-Bejing-2014-1536x863.jpg 1536w, https:\/\/addi.de\/wp-content\/uploads\/2022\/02\/Autogramm-geben-Bejing-2014-2048x1151.jpg 2048w, https:\/\/addi.de\/wp-content\/uploads\/2022\/02\/Autogramm-geben-Bejing-2014-1280x720.jpg 1280w, https:\/\/addi.de\/wp-content\/uploads\/2022\/02\/Autogramm-geben-Bejing-2014-1320x742.jpg 1320w, https:\/\/addi.de\/wp-content\/uploads\/2022\/02\/Autogramm-geben-Bejing-2014-600x337.jpg 600w\" sizes=\"auto, (max-width: 2560px) 100vw, 2560px\" \/>                                                        <\/div>\n                                                    <\/div>\n                                                <\/div>\n                                                                                            <\/div>\n                                                                                    <div class=\"carousel-item\">\n                                                <div class=\"row carousel-item-image-wrapper\">\n                                                    <div class=\"col-12\">\n                                                        <div class=\"carousel-item-image\">\n                                                            <div class=\"color-area-secondary\"><\/div>\n                                                            <img loading=\"lazy\" decoding=\"async\" width=\"2560\" height=\"1881\" src=\"https:\/\/addi.de\/wp-content\/uploads\/2022\/02\/TS-vor-Weltkugel-scaled.jpg\" class=\"attachment-full size-full\" alt=\"\" srcset=\"https:\/\/addi.de\/wp-content\/uploads\/2022\/02\/TS-vor-Weltkugel-scaled.jpg 2560w, https:\/\/addi.de\/wp-content\/uploads\/2022\/02\/TS-vor-Weltkugel-408x300.jpg 408w, https:\/\/addi.de\/wp-content\/uploads\/2022\/02\/TS-vor-Weltkugel-768x564.jpg 768w, https:\/\/addi.de\/wp-content\/uploads\/2022\/02\/TS-vor-Weltkugel-1536x1128.jpg 1536w, https:\/\/addi.de\/wp-content\/uploads\/2022\/02\/TS-vor-Weltkugel-2048x1505.jpg 2048w, https:\/\/addi.de\/wp-content\/uploads\/2022\/02\/TS-vor-Weltkugel-1320x970.jpg 1320w, https:\/\/addi.de\/wp-content\/uploads\/2022\/02\/TS-vor-Weltkugel-600x441.jpg 600w\" sizes=\"auto, (max-width: 2560px) 100vw, 2560px\" \/>                                                        <\/div>\n                                                    <\/div>\n                                                <\/div>\n                                                                                            <\/div>\n                                                                            <\/div>\n                                    <a class=\"carousel-control-prev\" href=\"#modal-carousel-text-gallery-video-block_1b302f14b0f9a5b56c7d9923304c8656\" role=\"button\" data-slide=\"prev\">\n                                        <i class=\"fas fa-angle-left\"><\/i>\n                                    <\/a>\n                                    <a class=\"carousel-control-next\" href=\"#modal-carousel-text-gallery-video-block_1b302f14b0f9a5b56c7d9923304c8656\" role=\"button\" data-slide=\"next\">\n                                        <i class=\"fas fa-angle-right\"><\/i>\n                                    <\/a>\n                                    <div class=\"carousel-indicators-wrapper\">\n                                        <ol class=\"carousel-indicators\">\n                                                                                            <li data-target=\"#modal-carousel-text-gallery-video-block_1b302f14b0f9a5b56c7d9923304c8656\" data-slide-to=\"0\"\n                                                    class=\"active\"><\/li>\n                                                                                            <li data-target=\"#modal-carousel-text-gallery-video-block_1b302f14b0f9a5b56c7d9923304c8656\" data-slide-to=\"1\"\n                                                    class=\"\"><\/li>\n                                                                                    <\/ol>\n                                    <\/div>\n                                <\/div>\n                                                    <\/div>\n                    <\/div>\n                <\/div>\n            <\/div>\n        <\/div>\n    \n\n\n            \n<div id=\"text-gallery-video-block_879f6a1ddc5c788ed8754a5324c580a8\" class=\"text-gallery-video alignment-left company\" >\n    <section>\n        <div class=\"container position-relative\">\n            \n\n                                                                                <div class=\"gallery-wrapper  d-lg-block\">\n                                                                                                                        <div class=\"row align-items-end\">\n                                                <div class=\"col-12 col-lg-6 offset-lg-1\">\n                                                    <div class=\"text-wrapper mb-3\">\n                                                                                                                                                                                                                                                                                            <div class=\"row\">\n                                                                <div class=\"col-12\">\n                                                                    <div class=\"text\">\n                                                                        <p><strong>One ear to the customer, the other to his employees. Thomas Selter always has the door open and even today he knows most of the team members personally,<\/strong> takes breaks with them, puts his hands on their shoulders and also likes to get involved in the technology. Although he has a degree in business administration, all the technicians in the company and on the supplier side treat him with great respect because he has always been very committed to innovations and new technologies.<\/p>\n<p><strong>In the meantime, Thomas Selter, i.e. Mr. addi, has handed over the majority of his shares to his wife, Claudia Malcus. She has been working with him for more than 30 years and knows the company almost as well.<\/strong><\/p>\n<p>Together with the addi team, she is now also moving digitally into the future, setting up the company sustainably and wanting to \u201cpreserve the good and dare the new\u201d. Mr. addi can still be found in the company every day and together with his team he will rightly celebrate his 50th anniversary on 1 December 2021 in a suitable setting.<\/p>\n                                                                    <\/div>\n                                                                <\/div>\n                                                            <\/div>\n                                                                                                                                                                                                                            <\/div>\n                                                    <div class=\"row\">\n                                                        <div class=\"col-12 col-lg-10 offset-lg-2\">\n                                                                                                                            <div data-toggle=\"modal\" data-target=\"#modal-text-gallery-video-block_879f6a1ddc5c788ed8754a5324c580a8\">\n                                                                    <img loading=\"lazy\" decoding=\"async\" width=\"520\" height=\"300\" src=\"https:\/\/addi.de\/wp-content\/uploads\/2022\/02\/16112825_1412717082106296_9080139231346370682_o_Mitarbeiter-520x300.jpg\" class=\"attachment-520x300 size-520x300\" alt=\"\" \/>                                                                <\/div>\n                                                                                                                    <\/div>\n                                                    <\/div>\n                                                <\/div>\n                                                <div class=\"col-12 col-lg-4\">\n                                                                                                            <div data-toggle=\"modal\" data-target=\"#modal-text-gallery-video-block_879f6a1ddc5c788ed8754a5324c580a8\">\n                                                            <img loading=\"lazy\" decoding=\"async\" width=\"400\" height=\"400\" src=\"https:\/\/addi.de\/wp-content\/uploads\/2022\/02\/TS-beim-Talksofa-hh-400x400.jpg\" class=\"attachment-400x400 size-400x400\" alt=\"\" srcset=\"https:\/\/addi.de\/wp-content\/uploads\/2022\/02\/TS-beim-Talksofa-hh-400x400.jpg 400w, https:\/\/addi.de\/wp-content\/uploads\/2022\/02\/TS-beim-Talksofa-hh-800x800.jpg 800w, https:\/\/addi.de\/wp-content\/uploads\/2022\/02\/TS-beim-Talksofa-hh-300x300.jpg 300w, https:\/\/addi.de\/wp-content\/uploads\/2022\/02\/TS-beim-Talksofa-hh-100x100.jpg 100w\" sizes=\"auto, (max-width: 400px) 100vw, 400px\">                                                        <\/div>\n                                                                                                    <\/div>\n                                            <\/div>\n                                            <div class=\"row mt-3\">\n                                                <div class=\"col-12 col-lg-6 offset-lg-1\">\n                                                    <div class=\"row\">\n                                                                                                                <div class=\"col-12 col-lg-6 offset-lg-6\">\n                                                                                                                            <div data-toggle=\"modal\" data-target=\"#modal-text-gallery-video-block_879f6a1ddc5c788ed8754a5324c580a8\">\n                                                                    <img loading=\"lazy\" decoding=\"async\" width=\"300\" height=\"200\" src=\"https:\/\/addi.de\/wp-content\/uploads\/2022\/02\/TS-am-Schreibtisch-aktuell-1-300x200.jpg\" class=\"attachment-300x200 size-300x200\" alt=\"\" srcset=\"https:\/\/addi.de\/wp-content\/uploads\/2022\/02\/TS-am-Schreibtisch-aktuell-1-300x200.jpg 300w, https:\/\/addi.de\/wp-content\/uploads\/2022\/02\/TS-am-Schreibtisch-aktuell-1-480x320.jpg 480w\" sizes=\"auto, (max-width: 300px) 100vw, 300px\" \/>                                                                <\/div>\n                                                                                                                    <\/div>\n                                                    <\/div>\n                                                                                                    <\/div>\n                                                <div class=\"col-12 col-lg-3\">\n                                                                                                            <div data-toggle=\"modal\" data-target=\"#modal-text-gallery-video-block_879f6a1ddc5c788ed8754a5324c580a8\">\n                                                            <img loading=\"lazy\" decoding=\"async\" width=\"400\" height=\"400\" src=\"https:\/\/addi.de\/wp-content\/uploads\/2022\/02\/IMG_9316_Mitarbeiter-400x400.jpg\" class=\"attachment-400x400 size-400x400\" alt=\"\" srcset=\"https:\/\/addi.de\/wp-content\/uploads\/2022\/02\/IMG_9316_Mitarbeiter-400x400.jpg 400w, https:\/\/addi.de\/wp-content\/uploads\/2022\/02\/IMG_9316_Mitarbeiter-800x800.jpg 800w, https:\/\/addi.de\/wp-content\/uploads\/2022\/02\/IMG_9316_Mitarbeiter-300x300.jpg 300w, https:\/\/addi.de\/wp-content\/uploads\/2022\/02\/IMG_9316_Mitarbeiter-100x100.jpg 100w\" sizes=\"auto, (max-width: 400px) 100vw, 400px\">                                                        <\/div>\n                                                                                                    <\/div>\n                                            <\/div>\n                                                                                                            <\/div>\n                               \n                                 \n                            <div class=\"gallery-wrapper d-block d-lg-none\">\n                                                                    <div class=\"text-wrapper mb-5\">\n                                                                                                                                                                                                            <div class=\"row\">\n                                                <div class=\"col-12 col-lg-8 offset-lg-1\">\n                                                    <div class=\"text\">\n                                                        <p><strong>One ear to the customer, the other to his employees. Thomas Selter always has the door open and even today he knows most of the team members personally,<\/strong> takes breaks with them, puts his hands on their shoulders and also likes to get involved in the technology. Although he has a degree in business administration, all the technicians in the company and on the supplier side treat him with great respect because he has always been very committed to innovations and new technologies.<\/p>\n<p><strong>In the meantime, Thomas Selter, i.e. Mr. addi, has handed over the majority of his shares to his wife, Claudia Malcus. She has been working with him for more than 30 years and knows the company almost as well.<\/strong><\/p>\n<p>Together with the addi team, she is now also moving digitally into the future, setting up the company sustainably and wanting to \u201cpreserve the good and dare the new\u201d. Mr. addi can still be found in the company every day and together with his team he will rightly celebrate his 50th anniversary on 1 December 2021 in a suitable setting.<\/p>\n                                                    <\/div>\n                                                <\/div>\n                                            <\/div>\n                                                                                                                                                            <\/div>\n                                                                            <div class=\"row mb-4\">\n                                            <div class=\"col-12\">\n                                                                                                    <div id=\"galleryCarousel-block_879f6a1ddc5c788ed8754a5324c580a8\" class=\"carousel slide\" data-ride=\"carousel\" data-interval=\"2500\" data-pause=\"false\" data-keyboard=\"false\">\n                                                        <div class=\"carousel-inner\" data-countslides=\"4\">\n                                                                                                                            <div class=\"carousel-item active\">\n                                                                                                                                            <div data-toggle=\"modal\" data-target=\"#modal-text-gallery-video-block_879f6a1ddc5c788ed8754a5324c580a8\">\n                                                                            <picture>\n                                                                                <source media=\"(min-width: 400px)\" srcset=\"https:\/\/addi.de\/wp-content\/uploads\/2022\/02\/TS-beim-Talksofa-hh-1280x970.jpg\">\n                                                                                <img decoding=\"async\" src=\"https:\/\/addi.de\/wp-content\/uploads\/2022\/02\/TS-beim-Talksofa-hh-400x320.jpg\" alt=\"\">\n                                                                            <\/picture>\n                                                                        <\/div>\n                                                                                                                                    <\/div>\n                                                                                                                            <div class=\"carousel-item\">\n                                                                                                                                            <div data-toggle=\"modal\" data-target=\"#modal-text-gallery-video-block_879f6a1ddc5c788ed8754a5324c580a8\">\n                                                                            <picture>\n                                                                                <source media=\"(min-width: 400px)\" srcset=\"https:\/\/addi.de\/wp-content\/uploads\/2022\/02\/16112825_1412717082106296_9080139231346370682_o_Mitarbeiter-1280x970.jpg\">\n                                                                                <img decoding=\"async\" src=\"https:\/\/addi.de\/wp-content\/uploads\/2022\/02\/16112825_1412717082106296_9080139231346370682_o_Mitarbeiter-400x320.jpg\" alt=\"\">\n                                                                            <\/picture>\n                                                                        <\/div>\n                                                                                                                                    <\/div>\n                                                                                                                            <div class=\"carousel-item\">\n                                                                                                                                            <div data-toggle=\"modal\" data-target=\"#modal-text-gallery-video-block_879f6a1ddc5c788ed8754a5324c580a8\">\n                                                                            <picture>\n                                                                                <source media=\"(min-width: 400px)\" srcset=\"https:\/\/addi.de\/wp-content\/uploads\/2022\/02\/IMG_9316_Mitarbeiter-1280x970.jpg\">\n                                                                                <img decoding=\"async\" src=\"https:\/\/addi.de\/wp-content\/uploads\/2022\/02\/IMG_9316_Mitarbeiter-400x320.jpg\" alt=\"\">\n                                                                            <\/picture>\n                                                                        <\/div>\n                                                                                                                                    <\/div>\n                                                                                                                            <div class=\"carousel-item\">\n                                                                                                                                            <div data-toggle=\"modal\" data-target=\"#modal-text-gallery-video-block_879f6a1ddc5c788ed8754a5324c580a8\">\n                                                                            <picture>\n                                                                                <source media=\"(min-width: 400px)\" srcset=\"https:\/\/addi.de\/wp-content\/uploads\/2022\/02\/TS-am-Schreibtisch-aktuell-1.jpg\">\n                                                                                <img decoding=\"async\" src=\"https:\/\/addi.de\/wp-content\/uploads\/2022\/02\/TS-am-Schreibtisch-aktuell-1-400x320.jpg\" alt=\"\">\n                                                                            <\/picture>\n                                                                        <\/div>\n                                                                                                                                    <\/div>\n                                                                                                                    <\/div>\n                                                    <\/div>\n                                                                                            <\/div>\n                                        <\/div>\n                                                                                                                                                                                                            <\/div>\n                                                                                    <\/div>\n    <\/section>\n<\/div>\n\n            \n        <div class=\"modal fade modal-move-to-body gallery-modal company\" id=\"modal-text-gallery-video-block_879f6a1ddc5c788ed8754a5324c580a8\" tabindex=\"-1\"\n             aria-labelledby=\"modal-text-gallery-video-block_879f6a1ddc5c788ed8754a5324c580a8\" aria-hidden=\"true\">\n            <div class=\"modal-dialog modal-xl modal-dialog-centered\">\n                <div class=\"modal-content\">\n                    <button type=\"button\" class=\"close\" data-dismiss=\"modal\" aria-label=\"Close\">\n                        <i class=\"fas fa-times\"><\/i>\n                    <\/button>\n                    <div class=\"modal-body\">\n                        <div class=\"container-fluid\">\n                                                            <div id=\"modal-carousel-text-gallery-video-block_879f6a1ddc5c788ed8754a5324c580a8\" class=\"carousel slide keepsize\">\n                                    <div class=\"carousel-inner\" data-countslides=\"4\">\n                                                                                    <div class=\"carousel-item active\">\n                                                <div class=\"row carousel-item-image-wrapper\">\n                                                    <div class=\"col-12\">\n                                                        <div class=\"carousel-item-image\">\n                                                            <div class=\"color-area-secondary\"><\/div>\n                                                            <img loading=\"lazy\" decoding=\"async\" width=\"2560\" height=\"1709\" src=\"https:\/\/addi.de\/wp-content\/uploads\/2022\/02\/TS-beim-Talksofa-hh-scaled.jpg\" class=\"attachment-full size-full\" alt=\"\" srcset=\"https:\/\/addi.de\/wp-content\/uploads\/2022\/02\/TS-beim-Talksofa-hh-scaled.jpg 2560w, https:\/\/addi.de\/wp-content\/uploads\/2022\/02\/TS-beim-Talksofa-hh-450x300.jpg 450w, https:\/\/addi.de\/wp-content\/uploads\/2022\/02\/TS-beim-Talksofa-hh-768x513.jpg 768w, https:\/\/addi.de\/wp-content\/uploads\/2022\/02\/TS-beim-Talksofa-hh-1536x1025.jpg 1536w, https:\/\/addi.de\/wp-content\/uploads\/2022\/02\/TS-beim-Talksofa-hh-2048x1367.jpg 2048w, https:\/\/addi.de\/wp-content\/uploads\/2022\/02\/TS-beim-Talksofa-hh-600x401.jpg 600w, https:\/\/addi.de\/wp-content\/uploads\/2022\/02\/TS-beim-Talksofa-hh-300x200.jpg 300w, https:\/\/addi.de\/wp-content\/uploads\/2022\/02\/TS-beim-Talksofa-hh-1320x881.jpg 1320w\" sizes=\"auto, (max-width: 2560px) 100vw, 2560px\" \/>                                                        <\/div>\n                                                    <\/div>\n                                                <\/div>\n                                                                                                    <div class=\"row carousel-item-caption-wrapper\">\n                                                        <div class=\"col-12 col-lg-10 offset-lg-1\">\n                                                            <div class=\"carousel-item-caption\">\n                                                                <p>Thomas Selter on the talk sofa at the handicrafts fair h+h cologne<\/p>\n                                                            <\/div>\n                                                        <\/div>\n                                                    <\/div>\n                                                                                            <\/div>\n                                                                                    <div class=\"carousel-item\">\n                                                <div class=\"row carousel-item-image-wrapper\">\n                                                    <div class=\"col-12\">\n                                                        <div class=\"carousel-item-image\">\n                                                            <div class=\"color-area-secondary\"><\/div>\n                                                            <img loading=\"lazy\" decoding=\"async\" width=\"2048\" height=\"1365\" src=\"https:\/\/addi.de\/wp-content\/uploads\/2022\/02\/16112825_1412717082106296_9080139231346370682_o_Mitarbeiter.jpg\" class=\"attachment-full size-full\" alt=\"\" srcset=\"https:\/\/addi.de\/wp-content\/uploads\/2022\/02\/16112825_1412717082106296_9080139231346370682_o_Mitarbeiter.jpg 2048w, https:\/\/addi.de\/wp-content\/uploads\/2022\/02\/16112825_1412717082106296_9080139231346370682_o_Mitarbeiter-450x300.jpg 450w, https:\/\/addi.de\/wp-content\/uploads\/2022\/02\/16112825_1412717082106296_9080139231346370682_o_Mitarbeiter-768x512.jpg 768w, https:\/\/addi.de\/wp-content\/uploads\/2022\/02\/16112825_1412717082106296_9080139231346370682_o_Mitarbeiter-1536x1024.jpg 1536w, https:\/\/addi.de\/wp-content\/uploads\/2022\/02\/16112825_1412717082106296_9080139231346370682_o_Mitarbeiter-600x400.jpg 600w, https:\/\/addi.de\/wp-content\/uploads\/2022\/02\/16112825_1412717082106296_9080139231346370682_o_Mitarbeiter-300x200.jpg 300w, https:\/\/addi.de\/wp-content\/uploads\/2022\/02\/16112825_1412717082106296_9080139231346370682_o_Mitarbeiter-1320x880.jpg 1320w\" sizes=\"auto, (max-width: 2048px) 100vw, 2048px\" \/>                                                        <\/div>\n                                                    <\/div>\n                                                <\/div>\n                                                                                                    <div class=\"row carousel-item-caption-wrapper\">\n                                                        <div class=\"col-12 col-lg-10 offset-lg-1\">\n                                                            <div class=\"carousel-item-caption\">\n                                                                <p>Thomas Selter with two female employees<\/p>\n                                                            <\/div>\n                                                        <\/div>\n                                                    <\/div>\n                                                                                            <\/div>\n                                                                                    <div class=\"carousel-item\">\n                                                <div class=\"row carousel-item-image-wrapper\">\n                                                    <div class=\"col-12\">\n                                                        <div class=\"carousel-item-image\">\n                                                            <div class=\"color-area-secondary\"><\/div>\n                                                            <img loading=\"lazy\" decoding=\"async\" width=\"2560\" height=\"1707\" src=\"https:\/\/addi.de\/wp-content\/uploads\/2022\/02\/IMG_9316_Mitarbeiter-scaled.jpg\" class=\"attachment-full size-full\" alt=\"\" srcset=\"https:\/\/addi.de\/wp-content\/uploads\/2022\/02\/IMG_9316_Mitarbeiter-scaled.jpg 2560w, https:\/\/addi.de\/wp-content\/uploads\/2022\/02\/IMG_9316_Mitarbeiter-450x300.jpg 450w, https:\/\/addi.de\/wp-content\/uploads\/2022\/02\/IMG_9316_Mitarbeiter-768x512.jpg 768w, https:\/\/addi.de\/wp-content\/uploads\/2022\/02\/IMG_9316_Mitarbeiter-1536x1024.jpg 1536w, https:\/\/addi.de\/wp-content\/uploads\/2022\/02\/IMG_9316_Mitarbeiter-2048x1365.jpg 2048w, https:\/\/addi.de\/wp-content\/uploads\/2022\/02\/IMG_9316_Mitarbeiter-600x400.jpg 600w, https:\/\/addi.de\/wp-content\/uploads\/2022\/02\/IMG_9316_Mitarbeiter-300x200.jpg 300w, https:\/\/addi.de\/wp-content\/uploads\/2022\/02\/IMG_9316_Mitarbeiter-1320x880.jpg 1320w\" sizes=\"auto, (max-width: 2560px) 100vw, 2560px\" \/>                                                        <\/div>\n                                                    <\/div>\n                                                <\/div>\n                                                                                                    <div class=\"row carousel-item-caption-wrapper\">\n                                                        <div class=\"col-12 col-lg-10 offset-lg-1\">\n                                                            <div class=\"carousel-item-caption\">\n                                                                <p>Thomas Selter and wife Claudia Malcus<\/p>\n                                                            <\/div>\n                                                        <\/div>\n                                                    <\/div>\n                                                                                            <\/div>\n                                                                                    <div class=\"carousel-item\">\n                                                <div class=\"row carousel-item-image-wrapper\">\n                                                    <div class=\"col-12\">\n                                                        <div class=\"carousel-item-image\">\n                                                            <div class=\"color-area-secondary\"><\/div>\n                                                            <img loading=\"lazy\" decoding=\"async\" width=\"480\" height=\"640\" src=\"https:\/\/addi.de\/wp-content\/uploads\/2022\/02\/TS-am-Schreibtisch-aktuell-1.jpg\" class=\"attachment-full size-full\" alt=\"\" srcset=\"https:\/\/addi.de\/wp-content\/uploads\/2022\/02\/TS-am-Schreibtisch-aktuell-1.jpg 480w, https:\/\/addi.de\/wp-content\/uploads\/2022\/02\/TS-am-Schreibtisch-aktuell-1-225x300.jpg 225w, https:\/\/addi.de\/wp-content\/uploads\/2022\/02\/TS-am-Schreibtisch-aktuell-1-300x400.jpg 300w\" sizes=\"auto, (max-width: 480px) 100vw, 480px\" \/>                                                        <\/div>\n                                                    <\/div>\n                                                <\/div>\n                                                                                                    <div class=\"row carousel-item-caption-wrapper\">\n                                                        <div class=\"col-12 col-lg-10 offset-lg-1\">\n                                                            <div class=\"carousel-item-caption\">\n                                                                <p>Thomas Selter at the Digital Handicrafts Fair 2020<\/p>\n                                                            <\/div>\n                                                        <\/div>\n                                                    <\/div>\n                                                                                            <\/div>\n                                                                            <\/div>\n                                    <a class=\"carousel-control-prev\" href=\"#modal-carousel-text-gallery-video-block_879f6a1ddc5c788ed8754a5324c580a8\" role=\"button\" data-slide=\"prev\">\n                                        <i class=\"fas fa-angle-left\"><\/i>\n                                    <\/a>\n                                    <a class=\"carousel-control-next\" href=\"#modal-carousel-text-gallery-video-block_879f6a1ddc5c788ed8754a5324c580a8\" role=\"button\" data-slide=\"next\">\n                                        <i class=\"fas fa-angle-right\"><\/i>\n                                    <\/a>\n                                    <div class=\"carousel-indicators-wrapper\">\n                                        <ol class=\"carousel-indicators\">\n                                                                                            <li data-target=\"#modal-carousel-text-gallery-video-block_879f6a1ddc5c788ed8754a5324c580a8\" data-slide-to=\"0\"\n                                                    class=\"active\"><\/li>\n                                                                                            <li data-target=\"#modal-carousel-text-gallery-video-block_879f6a1ddc5c788ed8754a5324c580a8\" data-slide-to=\"1\"\n                                                    class=\"\"><\/li>\n                                                                                            <li data-target=\"#modal-carousel-text-gallery-video-block_879f6a1ddc5c788ed8754a5324c580a8\" data-slide-to=\"2\"\n                                                    class=\"\"><\/li>\n                                                                                            <li data-target=\"#modal-carousel-text-gallery-video-block_879f6a1ddc5c788ed8754a5324c580a8\" data-slide-to=\"3\"\n                                                    class=\"\"><\/li>\n                                                                                    <\/ol>\n                                    <\/div>\n                                <\/div>\n                                                    <\/div>\n                    <\/div>\n                <\/div>\n            <\/div>\n        <\/div>\n    \n\n<div id=\"selection-teaser-block_48efc8bcbbafae3caf813e0e58da52aa\" class=\"selection-teaser\" >\n    <section>\n        <div class=\"container\">\n                            <div class=\"row\">\n                                            <div class=\"col-12 col-lg-4 mb-4 mb-lg-0 tile-wrapper inspiration\">\n                            <div class=\"image-wrapper\">\n                                                                                                            <img loading=\"lazy\" decoding=\"async\" width=\"400\" height=\"320\" src=\"https:\/\/addi.de\/wp-content\/uploads\/2026\/03\/Louise-Ade-Portrait-addiYarnArm-hhcologne-2026-1-400x320.jpg\" class=\"attachment-400x320 size-400x320\" alt=\"\" srcset=\"https:\/\/addi.de\/wp-content\/uploads\/2026\/03\/Louise-Ade-Portrait-addiYarnArm-hhcologne-2026-1-400x320.jpg 400w, https:\/\/addi.de\/wp-content\/uploads\/2026\/03\/Louise-Ade-Portrait-addiYarnArm-hhcologne-2026-1-16x12.jpg 16w\" sizes=\"auto, (max-width: 400px) 100vw, 400px\" \/>                                                                                                                                        <div class=\"batch color-area-primary\">\n                                        Inspiration                                    <\/div>\n                                                            <\/div>\n                            <div class=\"text-wrapper\">\n                                                                    <div class=\"topline\">\n                                        Produkt-Tipp                                    <\/div>\n                                                                                                    <div class=\"headline\">\n                                        Von Vancouver nach K\u00f6ln: Die Entwicklung des addiYarnArms                                    <\/div>\n                                                                                                    <div class=\"text\">\n                                        <p>Stricken und H\u00e4keln  kann unterwegs zur Herausforderung werden. W\u00e4re es da nicht genial, das Problem von herumrollendem Garn, verknotetem Garn in der Tasche und unhandlichen Transportm\u00f6glichkeiten mit einem praktischen Tool zu l\u00f6sen?<\/p>\n<p>Hier erfahren Sie, wie der YarnArm erfunden wurde und was seine Vorteile sind. <\/p>\n                                    <\/div>\n                                                                                                    <div class=\"link-wrapper\">\n                                        <a href='https:\/\/addi.de\/en\/story\/addiyarnarm-erfindung\/' target='_self' class='buttonlink prio-2'>Geschichte lesen<\/a>                                    <\/div>\n                                                            <\/div>\n                        <\/div>\n                                            <div class=\"col-12 col-lg-4 mb-4 mb-lg-0 tile-wrapper balance\">\n                            <div class=\"image-wrapper\">\n                                                                                                            <img loading=\"lazy\" decoding=\"async\" width=\"400\" height=\"320\" src=\"https:\/\/addi.de\/wp-content\/uploads\/2026\/03\/901_079_001_M-400x320.png\" class=\"attachment-400x320 size-400x320\" alt=\"\" srcset=\"https:\/\/addi.de\/wp-content\/uploads\/2026\/03\/901_079_001_M-400x320.png 400w, https:\/\/addi.de\/wp-content\/uploads\/2026\/03\/901_079_001_M-16x12.png 16w\" sizes=\"auto, (max-width: 400px) 100vw, 400px\" \/>                                                                                                                                        <div class=\"batch color-area-primary\">\n                                        Balance                                    <\/div>\n                                                            <\/div>\n                            <div class=\"text-wrapper\">\n                                                                    <div class=\"topline\">\n                                        Crochet tutorial                                    <\/div>\n                                                                                                    <div class=\"headline\">\n                                        Damen H\u00e4keloberteil f\u00fcr den Fr\u00fchling                                    <\/div>\n                                                                                                    <div class=\"text\">\n                                        <p>Ein stylisches H\u00e4keloberteil als Highlight f\u00fcr deine Garderobe? Finden wir gro\u00dfartig. Viel Freude beim Nachh\u00e4keln dieser Anleitung von Langyarns!<\/p>\n                                    <\/div>\n                                                                                                    <div class=\"link-wrapper\">\n                                        <a href='https:\/\/addi.de\/en\/story\/damen-haekeloberteil-lang\/' target='_self' class='buttonlink prio-2'>Read tutorial<\/a>                                    <\/div>\n                                                            <\/div>\n                        <\/div>\n                                            <div class=\"col-12 col-lg-4 mb-4 mb-lg-0 tile-wrapper inspiration\">\n                            <div class=\"image-wrapper\">\n                                                                                                            <img loading=\"lazy\" decoding=\"async\" width=\"400\" height=\"320\" src=\"https:\/\/addi.de\/wp-content\/uploads\/2025\/10\/Carrot-Cushion_DE_34-400x320.jpg\" class=\"attachment-400x320 size-400x320\" alt=\"\" srcset=\"https:\/\/addi.de\/wp-content\/uploads\/2025\/10\/Carrot-Cushion_DE_34-400x320.jpg 400w, https:\/\/addi.de\/wp-content\/uploads\/2025\/10\/Carrot-Cushion_DE_34-16x12.jpg 16w\" sizes=\"auto, (max-width: 400px) 100vw, 400px\" \/>                                                                                                                                        <div class=\"batch color-area-primary\">\n                                        Inspiration                                    <\/div>\n                                                            <\/div>\n                            <div class=\"text-wrapper\">\n                                                                    <div class=\"topline\">\n                                        Crochet tutorial                                    <\/div>\n                                                                                                    <div class=\"headline\">\n                                        Carrot Cushion Kissenbezug h\u00e4keln                                    <\/div>\n                                                                                                    <div class=\"text\">\n                                        <p>Gem\u00fcse als trendiges Kissenmotiv? Macht sich gut finden wir. Viel Spa\u00df beim h\u00e4keln dieser einfachen und Effektvollen Anleitung von Scheepjes!<\/p>\n                                    <\/div>\n                                                                                                    <div class=\"link-wrapper\">\n                                        <a href='https:\/\/addi.de\/en\/story\/carrot-cushion\/' target='_self' class='buttonlink prio-2'>Read tutorial<\/a>                                    <\/div>\n                                                            <\/div>\n                        <\/div>\n                                    <\/div>\n                    <\/div>\n    <\/section>\n<\/div>","protected":false},"template":"","kategorie_news":[40],"class_list":["post-19220","news","type-news","status-publish","hentry","kategorie_news-aktuelles"],"acf":[],"_links":{"self":[{"href":"https:\/\/addi.de\/en\/wp-json\/wp\/v2\/news\/19220","targetHints":{"allow":["GET"]}}],"collection":[{"href":"https:\/\/addi.de\/en\/wp-json\/wp\/v2\/news"}],"about":[{"href":"https:\/\/addi.de\/en\/wp-json\/wp\/v2\/types\/news"}],"wp:attachment":[{"href":"https:\/\/addi.de\/en\/wp-json\/wp\/v2\/media?parent=19220"}],"wp:term":[{"taxonomy":"kategorie_news","embeddable":true,"href":"https:\/\/addi.de\/en\/wp-json\/wp\/v2\/kategorie_news?post=19220"}],"curies":[{"name":"wp","href":"https:\/\/api.w.org\/{rel}","templated":true}]}}