{"id":54591,"date":"2024-05-23T11:01:35","date_gmt":"2024-05-23T09:01:35","guid":{"rendered":"https:\/\/addi.de\/?post_type=news&#038;p=54591"},"modified":"2024-05-23T11:01:36","modified_gmt":"2024-05-23T09:01:36","slug":"sihk-zukunftsgespraech","status":"publish","type":"news","link":"https:\/\/addi.de\/en\/news\/sihk-zukunftsgespraech\/","title":{"rendered":"SIHK-Zukunftsgespr\u00e4ch"},"content":{"rendered":"<div id=\"header-text-block_4ce507e3ab116563f4173e3bb5ea76a4\" class=\"header-text\" >\n    <section>\n        <div class=\"container\">\n            <div class=\"row position-relative\">\n                <div class=\"col-12 col-lg-3 offset-lg-1 order-2 order-lg-1\">\n                    <div class=\"text-wrapper\">\n                        <div class=\"color-area-secondary\"><\/div>\n                                                                                                    <h1>SIHK future dialogue: a visit to addi<\/h1>\n                                                <div class=\"share-links\">\n                            <span>Teilen:<\/span>\n                            <a href=\"https:\/\/www.facebook.com\/sharer.php?u=https%3A%2F%2Faddi.de%2Fen%2Fnews%2Fsihk-zukunftsgespraech%2F\" class=\"d-inline-block px-2\" onclick=\"window.open(this.href, 'mywin', 'left=20,top=20,width=500,height=500,toolbar=1,resizable=0'); return false;\"><i class=\"fab fa-facebook-f hl-color\"><\/i><\/a>\n                            <a href=\"https:\/\/twitter.com\/intent\/tweet?text=https%3A%2F%2Faddi.de%2Fen%2Fnews%2Fsihk-zukunftsgespraech%2F\" class=\"d-inline-block px-2\" onclick=\"window.open(this.href, 'mywin', 'left=20,top=20,width=500,height=500,toolbar=1,resizable=0'); return false;\"><i class=\"fa-brands fa-x-twitter hl-color\"><\/i><\/a>\n                        <\/div>\n                        <div class=\"text\">\n                            <p><span class=\"break-words tvm-parent-container\"><span dir=\"ltr\"><strong>What challenges do SMEs in South Westphalia face? Companies report first-hand to politicians!<\/strong><br \/>\nRelief from bureaucratic obstacles, securing skilled labour, an intact infrastructure: what are the prospects for these and other important issues for the economy in South Westphalia?<\/span><\/span><\/p>\n                        <\/div>\n                    <\/div>\n                <\/div>\n                <div class=\"col-12 col-lg-7 offset-lg-1 mb-3 mb-lg-0 order-1 order-lg-2\">\n                                            <img loading=\"lazy\" decoding=\"async\" width=\"1280\" height=\"970\" src=\"https:\/\/addi.de\/wp-content\/uploads\/2024\/05\/SIHK-Zukunftsgesprach_besuch-selter_22-05-24-1280x970.jpg\" class=\"attachment-1280x970 size-1280x970\" alt=\"SIHK-Zukunftsgespr\u00e4ch\" \/>                                        <div class=\"row toc-wrapper\">\n                        <div class=\"col-12 col-lg-6 offset-lg-5\">\n                            <div class=\"toc-title\">\n                                Inhaltsverzeichnis                            <\/div>\n                            <div class=\"toc-content\">\n\n                            <\/div>\n                        <\/div>\n                    <\/div>\n                <\/div>\n            <\/div>\n        <\/div>\n    <\/section>\n<\/div>\n\n\n\n\n        \n<div id=\"text-gallery-video-block_4f35e9b25914958bfa902d586563e6ea\" class=\"text-gallery-video alignment-left company\" >\n    <section>\n        <div class=\"container position-relative\">\n                                                        <div class=\"text-wrapper\">\n                                                                                                                                                <div class=\"row\">\n                                    <div class=\"col-12 col-lg-8 offset-lg-1\">\n                                        <div class=\"text\">\n                                            <div class=\"text\"><strong>On 22 May, a SIHK future discussion took place at Gustav Selter GmbH &amp; Co KG.<\/strong><\/div>\n<div class=\"text\">Claudia Malcus, Managing Director of Gustav Selter GmbH &amp; Co. KG, in her 6th generation business, welcomed SIHK Managing Director Ralf Geruschkat as well as Yazg\u00fcl\u00fc Zeybek, state chairwoman of the Green Party in NRW, Judith K\u00f6ster, spokeswoman for the local Green Party organisation in Altena, and Barbara Sch\u00e4fer, city councillor.<\/div>\n<div class=\"text\">The discussions focused on topics such as occupational safety in international competition, the dilapidated infrastructure in the surrounding area and securing skilled labour.<\/div>\n<div><\/div>\n<div>Photo: SIHK zu Hagen<\/div>\n                                        <\/div>\n                                    <\/div>\n                                <\/div>\n                                                                                                                    <div class=\"row link-wrapper\">\n                                    <div class=\"col-12 col-lg-6 offset-lg-2\">\n                                        <div class=\"row\">\n                                                                                            <div class=\"col-12 col-lg-6\">\n                                                    <a href=\"https:\/\/www.ihk.de\/hagen\/standortpolitik\/wirtschaftspolitik\/sihk-zukunftsgespraeche-6089870\" target=\"_blank\" class=\"buttonlink prio-1\" rel=\"noopener\">SIHK future dialogue<\/a>                                                <\/div>\n                                                                                                                                <\/div>\n                                    <\/div>\n                                <\/div>\n                                                    <\/div>\n                                                <\/div>\n    <\/section>\n<\/div>\n\n\n\n<div id=\"selection-teaser-block_0206183fe36e22bf8aa75b1d94ee8a79\" class=\"selection-teaser\" >\n    <section>\n        <div class=\"container\">\n                            <div class=\"row\">\n                                            <div class=\"col-12 col-lg-4 mb-4 mb-lg-0 tile-wrapper company\">\n                            <div class=\"image-wrapper\">\n                                                                                                            <img loading=\"lazy\" decoding=\"async\" width=\"400\" height=\"320\" src=\"https:\/\/addi.de\/wp-content\/uploads\/2023\/10\/Selter-addiHistorie_Messe-80er-2-400x320.png\" class=\"attachment-400x320 size-400x320\" alt=\"\" \/>                                                                                                                                        <div class=\"batch color-area-primary\">\n                                        Company                                    <\/div>\n                                                            <\/div>\n                            <div class=\"text-wrapper\">\n                                                                    <div class=\"topline\">\n                                        addi milestones                                     <\/div>\n                                                                                                    <div class=\"headline\">\n                                        The history of the Selter company and the addi brand since 1829                                    <\/div>\n                                                                                                    <div class=\"text\">\n                                        <p>The history of the Selter company and the addi brand begins with the founding of the Selter crochet hook factory in Altena in 1829. The brand name addi was first created in the 1950s together with the first catalogs and quickly became a success.<\/p>\n                                    <\/div>\n                                                                                                    <div class=\"link-wrapper\">\n                                        <a href=\"https:\/\/addi.de\/en\/story\/the-history-of-the-selter-compan-and-the-addi-brand-since-1829\/\" target=\"_self\" class=\"buttonlink prio-2\">Read story<\/a>                                    <\/div>\n                                                            <\/div>\n                        <\/div>\n                                            <div class=\"col-12 col-lg-4 mb-4 mb-lg-0 tile-wrapper inherit\">\n                            <div class=\"image-wrapper\">\n                                                                                                            <img loading=\"lazy\" decoding=\"async\" width=\"400\" height=\"320\" src=\"https:\/\/addi.de\/wp-content\/uploads\/2022\/04\/addi_Philosophie-400x320.png\" class=\"attachment-400x320 size-400x320\" alt=\"Free instructions\" \/>                                                                                                                                        <div class=\"batch color-area-primary\">\n                                        Page                                    <\/div>\n                                                            <\/div>\n                            <div class=\"text-wrapper\">\n                                                                    <div class=\"topline\">\n                                        Philosophy                                    <\/div>\n                                                                                                    <div class=\"headline\">\n                                        Made in Germany. Our promise.                                    <\/div>\n                                                                                                    <div class=\"text\">\n                                        <p>addi needles and hooks are synonymous with excellence for knitting and crochet fans around the world.<\/p>\n<p>Our addi philosophy: the origin of our products is always traceable. Fair working conditions, regional materials and quality are important to us.<\/p>\n<p>&nbsp;<\/p>\n                                    <\/div>\n                                                                                                    <div class=\"link-wrapper\">\n                                        <a href=\"https:\/\/addi.de\/en\/philosophie\/\" target=\"_self\" class=\"buttonlink prio-2\">Learn more<\/a>                                    <\/div>\n                                                            <\/div>\n                        <\/div>\n                                            <div class=\"col-12 col-lg-4 mb-4 mb-lg-0 tile-wrapper inspiration\">\n                            <div class=\"image-wrapper\">\n                                                                                                            <img loading=\"lazy\" decoding=\"async\" width=\"400\" height=\"320\" src=\"https:\/\/addi.de\/wp-content\/uploads\/2023\/02\/addi-Produktion-madeingermany-polieren-400x320.jpg\" class=\"attachment-400x320 size-400x320\" alt=\"\" \/>                                                                                                                                        <div class=\"batch color-area-primary\">\n                                        Inspiration                                    <\/div>\n                                                            <\/div>\n                            <div class=\"text-wrapper\">\n                                                                    <div class=\"topline\">\n                                        Digital factory tour                                    <\/div>\n                                                                                                    <div class=\"headline\">\n                                        Digital addi factory tour \u2013 a look behind the scenes                                    <\/div>\n                                                                                                    <div class=\"text\">\n                                        <p class=\"translation-block\">Where do addi needles come from? How are addi knitting needles produced and how many steps are necessary from the raw material to the perfect addi knitting needle? We always like to show this to our guests during factory tours here in Altena. Now we would like to give you a little digital impression of our production of knitting needles and crochet hooks.<\/p>\n                                    <\/div>\n                                                                                                    <div class=\"link-wrapper\">\n                                        <a href=\"https:\/\/addi.de\/en\/story\/digital-factory-tour\/\" target=\"_self\" class=\"buttonlink prio-2\">Watch now<\/a>                                    <\/div>\n                                                            <\/div>\n                        <\/div>\n                                    <\/div>\n                    <\/div>\n    <\/section>\n<\/div>","protected":false},"template":"","kategorie_news":[40],"class_list":["post-54591","news","type-news","status-publish","hentry","kategorie_news-aktuelles"],"acf":[],"_links":{"self":[{"href":"https:\/\/addi.de\/en\/wp-json\/wp\/v2\/news\/54591","targetHints":{"allow":["GET"]}}],"collection":[{"href":"https:\/\/addi.de\/en\/wp-json\/wp\/v2\/news"}],"about":[{"href":"https:\/\/addi.de\/en\/wp-json\/wp\/v2\/types\/news"}],"wp:attachment":[{"href":"https:\/\/addi.de\/en\/wp-json\/wp\/v2\/media?parent=54591"}],"wp:term":[{"taxonomy":"kategorie_news","embeddable":true,"href":"https:\/\/addi.de\/en\/wp-json\/wp\/v2\/kategorie_news?post=54591"}],"curies":[{"name":"wp","href":"https:\/\/api.w.org\/{rel}","templated":true}]}}